{"id":106949,"date":"2014-07-07T11:00:42","date_gmt":"2014-07-07T14:00:42","guid":{"rendered":"http:\/\/www.agrund.com\/?p=106949"},"modified":"2014-07-07T10:49:32","modified_gmt":"2014-07-07T13:49:32","slug":"semana-de-alta-costura-os-bordados-de-fred-sathal-estao-de-volta","status":"publish","type":"post","link":"https:\/\/agrund.com\/index.php\/semana-de-alta-costura-os-bordados-de-fred-sathal-estao-de-volta\/","title":{"rendered":"Semana de Alta-Costura :: Os bordados de Fred Sathal est\u00e3o de volta"},"content":{"rendered":"<div>\u200bVoc\u00ea conhece Fred Sathal? Nunca ouviu falar? Sem problemas, afinal o estilista deu um tempo de oito anos na Semana de Alta-Costura\u200b e s\u00f3 voltou a desfilar agora, na temporada de outono-inverno 2014\/15. Conhecido pelos bordados multicoloridos, Fred mant\u00e9m o que consagrou a marca nessa cole\u00e7\u00e3o com aplica\u00e7\u00f5es em todo tipo de roupa, desde conjuntos de cal\u00e7as amplas em tie-dye com blusa no visual &#8220;hippie que quer ser chique&#8221; (sim, ainda estamos na couture) at\u00e9 vestidos curtinhos com pegada Claudia Leitte. Cansou ou quer mais? Prepare-se porque ainda tem muita pele e renda pela frente!<\/div>\n<div id=\"attachment_106950\" style=\"width: 510px\" class=\"wp-caption aligncenter\"><a href=\"https:\/\/i0.wp.com\/www.agrund.com\/wp-content\/uploads\/sites\/6\/2014\/07\/Fred-Sathal-1.jpg\"><img aria-describedby=\"caption-attachment-106950\" data-attachment-id=\"106950\" data-permalink=\"https:\/\/agrund.com\/index.php\/semana-de-alta-costura-os-bordados-de-fred-sathal-estao-de-volta\/fred-sathal-1\/\" data-orig-file=\"https:\/\/i0.wp.com\/agrund.com\/wp-content\/uploads\/sites\/6\/2014\/07\/Fred-Sathal-1.jpg?fit=500%2C748&amp;ssl=1\" data-orig-size=\"500,748\" data-comments-opened=\"1\" data-image-meta=\"{&quot;aperture&quot;:&quot;0&quot;,&quot;credit&quot;:&quot;&quot;,&quot;camera&quot;:&quot;&quot;,&quot;caption&quot;:&quot;&quot;,&quot;created_timestamp&quot;:&quot;0&quot;,&quot;copyright&quot;:&quot;&quot;,&quot;focal_length&quot;:&quot;0&quot;,&quot;iso&quot;:&quot;0&quot;,&quot;shutter_speed&quot;:&quot;0&quot;,&quot;title&quot;:&quot;&quot;,&quot;orientation&quot;:&quot;0&quot;}\" data-image-title=\"Semana de Alta-Costura :: Os bordados de Fred Sathal est\u00e3o de volta \" data-image-description=\"\" data-image-caption=\"&lt;p&gt;Semana de Alta-Costura :: Os bordados de Fred Sathal est\u00e3o de volta &lt;\/p&gt;\n\" data-medium-file=\"https:\/\/i0.wp.com\/agrund.com\/wp-content\/uploads\/sites\/6\/2014\/07\/Fred-Sathal-1.jpg?fit=201%2C300&amp;ssl=1\" data-large-file=\"https:\/\/i0.wp.com\/agrund.com\/wp-content\/uploads\/sites\/6\/2014\/07\/Fred-Sathal-1.jpg?fit=500%2C748&amp;ssl=1\" decoding=\"async\" loading=\"lazy\" class=\"size-full wp-image-106950\" alt=\"Semana de Alta-Costura :: Os bordados de Fred Sathal est\u00e3o de volta \" src=\"https:\/\/i0.wp.com\/www.agrund.com\/wp-content\/uploads\/sites\/6\/2014\/07\/Fred-Sathal-1.jpg?resize=500%2C748\" width=\"500\" height=\"748\" srcset=\"https:\/\/i0.wp.com\/agrund.com\/wp-content\/uploads\/sites\/6\/2014\/07\/Fred-Sathal-1.jpg?w=500&amp;ssl=1 500w, https:\/\/i0.wp.com\/agrund.com\/wp-content\/uploads\/sites\/6\/2014\/07\/Fred-Sathal-1.jpg?resize=201%2C300&amp;ssl=1 201w\" sizes=\"(max-width: 500px) 100vw, 500px\" data-recalc-dims=\"1\" \/><\/a><p id=\"caption-attachment-106950\" class=\"wp-caption-text\">Semana de Alta-Costura :: Os bordados de Fred Sathal est\u00e3o de volta<\/p><\/div>\n<div id=\"attachment_106951\" style=\"width: 510px\" class=\"wp-caption aligncenter\"><a href=\"https:\/\/i0.wp.com\/www.agrund.com\/wp-content\/uploads\/sites\/6\/2014\/07\/Fred-Sathal-2.jpg\"><img aria-describedby=\"caption-attachment-106951\" data-attachment-id=\"106951\" data-permalink=\"https:\/\/agrund.com\/index.php\/semana-de-alta-costura-os-bordados-de-fred-sathal-estao-de-volta\/fred-sathal-2\/\" data-orig-file=\"https:\/\/i0.wp.com\/agrund.com\/wp-content\/uploads\/sites\/6\/2014\/07\/Fred-Sathal-2.jpg?fit=500%2C748&amp;ssl=1\" data-orig-size=\"500,748\" data-comments-opened=\"1\" data-image-meta=\"{&quot;aperture&quot;:&quot;0&quot;,&quot;credit&quot;:&quot;&quot;,&quot;camera&quot;:&quot;&quot;,&quot;caption&quot;:&quot;&quot;,&quot;created_timestamp&quot;:&quot;0&quot;,&quot;copyright&quot;:&quot;&quot;,&quot;focal_length&quot;:&quot;0&quot;,&quot;iso&quot;:&quot;0&quot;,&quot;shutter_speed&quot;:&quot;0&quot;,&quot;title&quot;:&quot;&quot;,&quot;orientation&quot;:&quot;0&quot;}\" data-image-title=\"Semana de Alta-Costura :: Os bordados de Fred Sathal est\u00e3o de volta \" data-image-description=\"\" data-image-caption=\"&lt;p&gt;Semana de Alta-Costura :: Os bordados de Fred Sathal est\u00e3o de volta &lt;\/p&gt;\n\" data-medium-file=\"https:\/\/i0.wp.com\/agrund.com\/wp-content\/uploads\/sites\/6\/2014\/07\/Fred-Sathal-2.jpg?fit=201%2C300&amp;ssl=1\" data-large-file=\"https:\/\/i0.wp.com\/agrund.com\/wp-content\/uploads\/sites\/6\/2014\/07\/Fred-Sathal-2.jpg?fit=500%2C748&amp;ssl=1\" decoding=\"async\" loading=\"lazy\" class=\"size-full wp-image-106951\" alt=\"Semana de Alta-Costura :: Os bordados de Fred Sathal est\u00e3o de volta \" src=\"https:\/\/i0.wp.com\/www.agrund.com\/wp-content\/uploads\/sites\/6\/2014\/07\/Fred-Sathal-2.jpg?resize=500%2C748\" width=\"500\" height=\"748\" srcset=\"https:\/\/i0.wp.com\/agrund.com\/wp-content\/uploads\/sites\/6\/2014\/07\/Fred-Sathal-2.jpg?w=500&amp;ssl=1 500w, https:\/\/i0.wp.com\/agrund.com\/wp-content\/uploads\/sites\/6\/2014\/07\/Fred-Sathal-2.jpg?resize=201%2C300&amp;ssl=1 201w\" sizes=\"(max-width: 500px) 100vw, 500px\" data-recalc-dims=\"1\" \/><\/a><p id=\"caption-attachment-106951\" class=\"wp-caption-text\">Semana de Alta-Costura :: Os bordados de Fred Sathal est\u00e3o de volta<\/p><\/div>\n<div id=\"attachment_106952\" style=\"width: 510px\" class=\"wp-caption aligncenter\"><a href=\"https:\/\/i0.wp.com\/www.agrund.com\/wp-content\/uploads\/sites\/6\/2014\/07\/Fred-Sathal-3.jpg\"><img aria-describedby=\"caption-attachment-106952\" data-attachment-id=\"106952\" data-permalink=\"https:\/\/agrund.com\/index.php\/semana-de-alta-costura-os-bordados-de-fred-sathal-estao-de-volta\/fred-sathal-3\/\" data-orig-file=\"https:\/\/i0.wp.com\/agrund.com\/wp-content\/uploads\/sites\/6\/2014\/07\/Fred-Sathal-3.jpg?fit=500%2C748&amp;ssl=1\" data-orig-size=\"500,748\" data-comments-opened=\"1\" data-image-meta=\"{&quot;aperture&quot;:&quot;0&quot;,&quot;credit&quot;:&quot;&quot;,&quot;camera&quot;:&quot;&quot;,&quot;caption&quot;:&quot;&quot;,&quot;created_timestamp&quot;:&quot;0&quot;,&quot;copyright&quot;:&quot;&quot;,&quot;focal_length&quot;:&quot;0&quot;,&quot;iso&quot;:&quot;0&quot;,&quot;shutter_speed&quot;:&quot;0&quot;,&quot;title&quot;:&quot;&quot;,&quot;orientation&quot;:&quot;0&quot;}\" data-image-title=\"Semana de Alta-Costura :: Os bordados de Fred Sathal est\u00e3o de volta \" data-image-description=\"\" data-image-caption=\"&lt;p&gt;Semana de Alta-Costura :: Os bordados de Fred Sathal est\u00e3o de volta &lt;\/p&gt;\n\" data-medium-file=\"https:\/\/i0.wp.com\/agrund.com\/wp-content\/uploads\/sites\/6\/2014\/07\/Fred-Sathal-3.jpg?fit=201%2C300&amp;ssl=1\" data-large-file=\"https:\/\/i0.wp.com\/agrund.com\/wp-content\/uploads\/sites\/6\/2014\/07\/Fred-Sathal-3.jpg?fit=500%2C748&amp;ssl=1\" decoding=\"async\" loading=\"lazy\" class=\"size-full wp-image-106952\" alt=\"Semana de Alta-Costura :: Os bordados de Fred Sathal est\u00e3o de volta \" src=\"https:\/\/i0.wp.com\/www.agrund.com\/wp-content\/uploads\/sites\/6\/2014\/07\/Fred-Sathal-3.jpg?resize=500%2C748\" width=\"500\" height=\"748\" srcset=\"https:\/\/i0.wp.com\/agrund.com\/wp-content\/uploads\/sites\/6\/2014\/07\/Fred-Sathal-3.jpg?w=500&amp;ssl=1 500w, https:\/\/i0.wp.com\/agrund.com\/wp-content\/uploads\/sites\/6\/2014\/07\/Fred-Sathal-3.jpg?resize=201%2C300&amp;ssl=1 201w\" sizes=\"(max-width: 500px) 100vw, 500px\" data-recalc-dims=\"1\" \/><\/a><p id=\"caption-attachment-106952\" class=\"wp-caption-text\">Semana de Alta-Costura :: Os bordados de Fred Sathal est\u00e3o de volta<\/p><\/div>\n<div id=\"attachment_106953\" style=\"width: 510px\" class=\"wp-caption aligncenter\"><a href=\"https:\/\/i0.wp.com\/www.agrund.com\/wp-content\/uploads\/sites\/6\/2014\/07\/Fred-Sathal-4.jpg\"><img aria-describedby=\"caption-attachment-106953\" data-attachment-id=\"106953\" data-permalink=\"https:\/\/agrund.com\/index.php\/semana-de-alta-costura-os-bordados-de-fred-sathal-estao-de-volta\/fred-sathal-4\/\" data-orig-file=\"https:\/\/i0.wp.com\/agrund.com\/wp-content\/uploads\/sites\/6\/2014\/07\/Fred-Sathal-4.jpg?fit=500%2C748&amp;ssl=1\" data-orig-size=\"500,748\" data-comments-opened=\"1\" data-image-meta=\"{&quot;aperture&quot;:&quot;0&quot;,&quot;credit&quot;:&quot;&quot;,&quot;camera&quot;:&quot;&quot;,&quot;caption&quot;:&quot;&quot;,&quot;created_timestamp&quot;:&quot;0&quot;,&quot;copyright&quot;:&quot;&quot;,&quot;focal_length&quot;:&quot;0&quot;,&quot;iso&quot;:&quot;0&quot;,&quot;shutter_speed&quot;:&quot;0&quot;,&quot;title&quot;:&quot;&quot;,&quot;orientation&quot;:&quot;0&quot;}\" data-image-title=\"Semana de Alta-Costura :: Os bordados de Fred Sathal est\u00e3o de volta \" data-image-description=\"\" data-image-caption=\"&lt;p&gt;Semana de Alta-Costura :: Os bordados de Fred Sathal est\u00e3o de volta &lt;\/p&gt;\n\" data-medium-file=\"https:\/\/i0.wp.com\/agrund.com\/wp-content\/uploads\/sites\/6\/2014\/07\/Fred-Sathal-4.jpg?fit=201%2C300&amp;ssl=1\" data-large-file=\"https:\/\/i0.wp.com\/agrund.com\/wp-content\/uploads\/sites\/6\/2014\/07\/Fred-Sathal-4.jpg?fit=500%2C748&amp;ssl=1\" decoding=\"async\" loading=\"lazy\" class=\"size-full wp-image-106953\" alt=\"Semana de Alta-Costura :: Os bordados de Fred Sathal est\u00e3o de volta \" src=\"https:\/\/i0.wp.com\/www.agrund.com\/wp-content\/uploads\/sites\/6\/2014\/07\/Fred-Sathal-4.jpg?resize=500%2C748\" width=\"500\" height=\"748\" srcset=\"https:\/\/i0.wp.com\/agrund.com\/wp-content\/uploads\/sites\/6\/2014\/07\/Fred-Sathal-4.jpg?w=500&amp;ssl=1 500w, https:\/\/i0.wp.com\/agrund.com\/wp-content\/uploads\/sites\/6\/2014\/07\/Fred-Sathal-4.jpg?resize=201%2C300&amp;ssl=1 201w\" sizes=\"(max-width: 500px) 100vw, 500px\" data-recalc-dims=\"1\" \/><\/a><p id=\"caption-attachment-106953\" class=\"wp-caption-text\">Semana de Alta-Costura :: Os bordados de Fred Sathal est\u00e3o de volta<\/p><\/div>\n<div id=\"attachment_106954\" style=\"width: 510px\" class=\"wp-caption aligncenter\"><a href=\"https:\/\/i0.wp.com\/www.agrund.com\/wp-content\/uploads\/sites\/6\/2014\/07\/Fred-Sathal-5.jpg\"><img aria-describedby=\"caption-attachment-106954\" data-attachment-id=\"106954\" data-permalink=\"https:\/\/agrund.com\/index.php\/semana-de-alta-costura-os-bordados-de-fred-sathal-estao-de-volta\/fred-sathal-5\/\" data-orig-file=\"https:\/\/i0.wp.com\/agrund.com\/wp-content\/uploads\/sites\/6\/2014\/07\/Fred-Sathal-5.jpg?fit=500%2C748&amp;ssl=1\" data-orig-size=\"500,748\" data-comments-opened=\"1\" data-image-meta=\"{&quot;aperture&quot;:&quot;0&quot;,&quot;credit&quot;:&quot;&quot;,&quot;camera&quot;:&quot;&quot;,&quot;caption&quot;:&quot;&quot;,&quot;created_timestamp&quot;:&quot;0&quot;,&quot;copyright&quot;:&quot;&quot;,&quot;focal_length&quot;:&quot;0&quot;,&quot;iso&quot;:&quot;0&quot;,&quot;shutter_speed&quot;:&quot;0&quot;,&quot;title&quot;:&quot;&quot;,&quot;orientation&quot;:&quot;0&quot;}\" data-image-title=\"Semana de Alta-Costura :: Os bordados de Fred Sathal est\u00e3o de volta \" data-image-description=\"\" data-image-caption=\"&lt;p&gt;Semana de Alta-Costura :: Os bordados de Fred Sathal est\u00e3o de volta &lt;\/p&gt;\n\" data-medium-file=\"https:\/\/i0.wp.com\/agrund.com\/wp-content\/uploads\/sites\/6\/2014\/07\/Fred-Sathal-5.jpg?fit=201%2C300&amp;ssl=1\" data-large-file=\"https:\/\/i0.wp.com\/agrund.com\/wp-content\/uploads\/sites\/6\/2014\/07\/Fred-Sathal-5.jpg?fit=500%2C748&amp;ssl=1\" decoding=\"async\" loading=\"lazy\" class=\"size-full wp-image-106954\" alt=\"Semana de Alta-Costura :: Os bordados de Fred Sathal est\u00e3o de volta \" src=\"https:\/\/i0.wp.com\/www.agrund.com\/wp-content\/uploads\/sites\/6\/2014\/07\/Fred-Sathal-5.jpg?resize=500%2C748\" width=\"500\" height=\"748\" srcset=\"https:\/\/i0.wp.com\/agrund.com\/wp-content\/uploads\/sites\/6\/2014\/07\/Fred-Sathal-5.jpg?w=500&amp;ssl=1 500w, https:\/\/i0.wp.com\/agrund.com\/wp-content\/uploads\/sites\/6\/2014\/07\/Fred-Sathal-5.jpg?resize=201%2C300&amp;ssl=1 201w\" sizes=\"(max-width: 500px) 100vw, 500px\" data-recalc-dims=\"1\" \/><\/a><p id=\"caption-attachment-106954\" class=\"wp-caption-text\">Semana de Alta-Costura :: Os bordados de Fred Sathal est\u00e3o de volta<\/p><\/div>\n<div id=\"attachment_106955\" style=\"width: 510px\" class=\"wp-caption aligncenter\"><a href=\"https:\/\/i0.wp.com\/www.agrund.com\/wp-content\/uploads\/sites\/6\/2014\/07\/Fred-Sathal-6.jpg\"><img aria-describedby=\"caption-attachment-106955\" data-attachment-id=\"106955\" data-permalink=\"https:\/\/agrund.com\/index.php\/semana-de-alta-costura-os-bordados-de-fred-sathal-estao-de-volta\/fred-sathal-6\/\" data-orig-file=\"https:\/\/i0.wp.com\/agrund.com\/wp-content\/uploads\/sites\/6\/2014\/07\/Fred-Sathal-6.jpg?fit=500%2C748&amp;ssl=1\" data-orig-size=\"500,748\" data-comments-opened=\"1\" data-image-meta=\"{&quot;aperture&quot;:&quot;0&quot;,&quot;credit&quot;:&quot;&quot;,&quot;camera&quot;:&quot;&quot;,&quot;caption&quot;:&quot;&quot;,&quot;created_timestamp&quot;:&quot;0&quot;,&quot;copyright&quot;:&quot;&quot;,&quot;focal_length&quot;:&quot;0&quot;,&quot;iso&quot;:&quot;0&quot;,&quot;shutter_speed&quot;:&quot;0&quot;,&quot;title&quot;:&quot;&quot;,&quot;orientation&quot;:&quot;0&quot;}\" data-image-title=\"Semana de Alta-Costura :: Os bordados de Fred Sathal est\u00e3o de volta \" data-image-description=\"\" data-image-caption=\"&lt;p&gt;Semana de Alta-Costura :: Os bordados de Fred Sathal est\u00e3o de volta &lt;\/p&gt;\n\" data-medium-file=\"https:\/\/i0.wp.com\/agrund.com\/wp-content\/uploads\/sites\/6\/2014\/07\/Fred-Sathal-6.jpg?fit=201%2C300&amp;ssl=1\" data-large-file=\"https:\/\/i0.wp.com\/agrund.com\/wp-content\/uploads\/sites\/6\/2014\/07\/Fred-Sathal-6.jpg?fit=500%2C748&amp;ssl=1\" decoding=\"async\" loading=\"lazy\" class=\"size-full wp-image-106955\" alt=\"Semana de Alta-Costura :: Os bordados de Fred Sathal est\u00e3o de volta \" src=\"https:\/\/i0.wp.com\/www.agrund.com\/wp-content\/uploads\/sites\/6\/2014\/07\/Fred-Sathal-6.jpg?resize=500%2C748\" width=\"500\" height=\"748\" srcset=\"https:\/\/i0.wp.com\/agrund.com\/wp-content\/uploads\/sites\/6\/2014\/07\/Fred-Sathal-6.jpg?w=500&amp;ssl=1 500w, https:\/\/i0.wp.com\/agrund.com\/wp-content\/uploads\/sites\/6\/2014\/07\/Fred-Sathal-6.jpg?resize=201%2C300&amp;ssl=1 201w\" sizes=\"(max-width: 500px) 100vw, 500px\" data-recalc-dims=\"1\" \/><\/a><p id=\"caption-attachment-106955\" class=\"wp-caption-text\">Semana de Alta-Costura :: Os bordados de Fred Sathal est\u00e3o de volta<\/p><\/div>\n<div id=\"attachment_106956\" style=\"width: 510px\" class=\"wp-caption aligncenter\"><a href=\"https:\/\/i0.wp.com\/www.agrund.com\/wp-content\/uploads\/sites\/6\/2014\/07\/Fred-Sathal-7.jpg\"><img aria-describedby=\"caption-attachment-106956\" data-attachment-id=\"106956\" data-permalink=\"https:\/\/agrund.com\/index.php\/semana-de-alta-costura-os-bordados-de-fred-sathal-estao-de-volta\/fred-sathal-7\/\" data-orig-file=\"https:\/\/i0.wp.com\/agrund.com\/wp-content\/uploads\/sites\/6\/2014\/07\/Fred-Sathal-7.jpg?fit=500%2C748&amp;ssl=1\" data-orig-size=\"500,748\" data-comments-opened=\"1\" data-image-meta=\"{&quot;aperture&quot;:&quot;0&quot;,&quot;credit&quot;:&quot;&quot;,&quot;camera&quot;:&quot;&quot;,&quot;caption&quot;:&quot;&quot;,&quot;created_timestamp&quot;:&quot;0&quot;,&quot;copyright&quot;:&quot;&quot;,&quot;focal_length&quot;:&quot;0&quot;,&quot;iso&quot;:&quot;0&quot;,&quot;shutter_speed&quot;:&quot;0&quot;,&quot;title&quot;:&quot;&quot;,&quot;orientation&quot;:&quot;0&quot;}\" data-image-title=\"Semana de Alta-Costura :: Os bordados de Fred Sathal est\u00e3o de volta \" data-image-description=\"\" data-image-caption=\"&lt;p&gt;Semana de Alta-Costura :: Os bordados de Fred Sathal est\u00e3o de volta &lt;\/p&gt;\n\" data-medium-file=\"https:\/\/i0.wp.com\/agrund.com\/wp-content\/uploads\/sites\/6\/2014\/07\/Fred-Sathal-7.jpg?fit=201%2C300&amp;ssl=1\" data-large-file=\"https:\/\/i0.wp.com\/agrund.com\/wp-content\/uploads\/sites\/6\/2014\/07\/Fred-Sathal-7.jpg?fit=500%2C748&amp;ssl=1\" decoding=\"async\" loading=\"lazy\" class=\"size-full wp-image-106956\" alt=\"Semana de Alta-Costura :: Os bordados de Fred Sathal est\u00e3o de volta \" src=\"https:\/\/i0.wp.com\/www.agrund.com\/wp-content\/uploads\/sites\/6\/2014\/07\/Fred-Sathal-7.jpg?resize=500%2C748\" width=\"500\" height=\"748\" srcset=\"https:\/\/i0.wp.com\/agrund.com\/wp-content\/uploads\/sites\/6\/2014\/07\/Fred-Sathal-7.jpg?w=500&amp;ssl=1 500w, https:\/\/i0.wp.com\/agrund.com\/wp-content\/uploads\/sites\/6\/2014\/07\/Fred-Sathal-7.jpg?resize=201%2C300&amp;ssl=1 201w\" sizes=\"(max-width: 500px) 100vw, 500px\" data-recalc-dims=\"1\" \/><\/a><p id=\"caption-attachment-106956\" class=\"wp-caption-text\">Semana de Alta-Costura :: Os bordados de Fred Sathal est\u00e3o de volta<\/p><\/div>\n<div id=\"attachment_106957\" style=\"width: 510px\" class=\"wp-caption aligncenter\"><a href=\"https:\/\/i0.wp.com\/www.agrund.com\/wp-content\/uploads\/sites\/6\/2014\/07\/Fred-Sathal-8.jpg\"><img aria-describedby=\"caption-attachment-106957\" data-attachment-id=\"106957\" data-permalink=\"https:\/\/agrund.com\/index.php\/semana-de-alta-costura-os-bordados-de-fred-sathal-estao-de-volta\/fred-sathal-8\/\" data-orig-file=\"https:\/\/i0.wp.com\/agrund.com\/wp-content\/uploads\/sites\/6\/2014\/07\/Fred-Sathal-8.jpg?fit=500%2C748&amp;ssl=1\" data-orig-size=\"500,748\" data-comments-opened=\"1\" data-image-meta=\"{&quot;aperture&quot;:&quot;0&quot;,&quot;credit&quot;:&quot;&quot;,&quot;camera&quot;:&quot;&quot;,&quot;caption&quot;:&quot;&quot;,&quot;created_timestamp&quot;:&quot;0&quot;,&quot;copyright&quot;:&quot;&quot;,&quot;focal_length&quot;:&quot;0&quot;,&quot;iso&quot;:&quot;0&quot;,&quot;shutter_speed&quot;:&quot;0&quot;,&quot;title&quot;:&quot;&quot;,&quot;orientation&quot;:&quot;0&quot;}\" data-image-title=\"Semana de Alta-Costura :: Os bordados de Fred Sathal est\u00e3o de volta \" data-image-description=\"\" data-image-caption=\"&lt;p&gt;Semana de Alta-Costura :: Os bordados de Fred Sathal est\u00e3o de volta &lt;\/p&gt;\n\" data-medium-file=\"https:\/\/i0.wp.com\/agrund.com\/wp-content\/uploads\/sites\/6\/2014\/07\/Fred-Sathal-8.jpg?fit=201%2C300&amp;ssl=1\" data-large-file=\"https:\/\/i0.wp.com\/agrund.com\/wp-content\/uploads\/sites\/6\/2014\/07\/Fred-Sathal-8.jpg?fit=500%2C748&amp;ssl=1\" decoding=\"async\" loading=\"lazy\" class=\"size-full wp-image-106957\" alt=\"Semana de Alta-Costura :: Os bordados de Fred Sathal est\u00e3o de volta \" src=\"https:\/\/i0.wp.com\/www.agrund.com\/wp-content\/uploads\/sites\/6\/2014\/07\/Fred-Sathal-8.jpg?resize=500%2C748\" width=\"500\" height=\"748\" srcset=\"https:\/\/i0.wp.com\/agrund.com\/wp-content\/uploads\/sites\/6\/2014\/07\/Fred-Sathal-8.jpg?w=500&amp;ssl=1 500w, https:\/\/i0.wp.com\/agrund.com\/wp-content\/uploads\/sites\/6\/2014\/07\/Fred-Sathal-8.jpg?resize=201%2C300&amp;ssl=1 201w\" sizes=\"(max-width: 500px) 100vw, 500px\" data-recalc-dims=\"1\" \/><\/a><p id=\"caption-attachment-106957\" class=\"wp-caption-text\">Semana de Alta-Costura :: Os bordados de Fred Sathal est\u00e3o de volta<\/p><\/div>\n<div id=\"attachment_106958\" style=\"width: 510px\" class=\"wp-caption aligncenter\"><a href=\"https:\/\/i0.wp.com\/www.agrund.com\/wp-content\/uploads\/sites\/6\/2014\/07\/Fred-Sathal-9.jpg\"><img aria-describedby=\"caption-attachment-106958\" data-attachment-id=\"106958\" data-permalink=\"https:\/\/agrund.com\/index.php\/semana-de-alta-costura-os-bordados-de-fred-sathal-estao-de-volta\/fred-sathal-9\/\" data-orig-file=\"https:\/\/i0.wp.com\/agrund.com\/wp-content\/uploads\/sites\/6\/2014\/07\/Fred-Sathal-9.jpg?fit=500%2C748&amp;ssl=1\" data-orig-size=\"500,748\" data-comments-opened=\"1\" data-image-meta=\"{&quot;aperture&quot;:&quot;0&quot;,&quot;credit&quot;:&quot;&quot;,&quot;camera&quot;:&quot;&quot;,&quot;caption&quot;:&quot;&quot;,&quot;created_timestamp&quot;:&quot;0&quot;,&quot;copyright&quot;:&quot;&quot;,&quot;focal_length&quot;:&quot;0&quot;,&quot;iso&quot;:&quot;0&quot;,&quot;shutter_speed&quot;:&quot;0&quot;,&quot;title&quot;:&quot;&quot;,&quot;orientation&quot;:&quot;0&quot;}\" data-image-title=\"Semana de Alta-Costura :: Os bordados de Fred Sathal est\u00e3o de volta \" data-image-description=\"\" data-image-caption=\"&lt;p&gt;Semana de Alta-Costura :: Os bordados de Fred Sathal est\u00e3o de volta &lt;\/p&gt;\n\" data-medium-file=\"https:\/\/i0.wp.com\/agrund.com\/wp-content\/uploads\/sites\/6\/2014\/07\/Fred-Sathal-9.jpg?fit=201%2C300&amp;ssl=1\" data-large-file=\"https:\/\/i0.wp.com\/agrund.com\/wp-content\/uploads\/sites\/6\/2014\/07\/Fred-Sathal-9.jpg?fit=500%2C748&amp;ssl=1\" decoding=\"async\" loading=\"lazy\" class=\"size-full wp-image-106958\" alt=\"Semana de Alta-Costura :: Os bordados de Fred Sathal est\u00e3o de volta \" src=\"https:\/\/i0.wp.com\/www.agrund.com\/wp-content\/uploads\/sites\/6\/2014\/07\/Fred-Sathal-9.jpg?resize=500%2C748\" width=\"500\" height=\"748\" srcset=\"https:\/\/i0.wp.com\/agrund.com\/wp-content\/uploads\/sites\/6\/2014\/07\/Fred-Sathal-9.jpg?w=500&amp;ssl=1 500w, https:\/\/i0.wp.com\/agrund.com\/wp-content\/uploads\/sites\/6\/2014\/07\/Fred-Sathal-9.jpg?resize=201%2C300&amp;ssl=1 201w\" sizes=\"(max-width: 500px) 100vw, 500px\" data-recalc-dims=\"1\" \/><\/a><p id=\"caption-attachment-106958\" class=\"wp-caption-text\">Semana de Alta-Costura :: Os bordados de Fred Sathal est\u00e3o de volta<\/p><\/div>\n<div id=\"attachment_106959\" style=\"width: 510px\" class=\"wp-caption aligncenter\"><a href=\"https:\/\/i0.wp.com\/www.agrund.com\/wp-content\/uploads\/sites\/6\/2014\/07\/Fred-Sathal-10.jpg\"><img aria-describedby=\"caption-attachment-106959\" data-attachment-id=\"106959\" data-permalink=\"https:\/\/agrund.com\/index.php\/semana-de-alta-costura-os-bordados-de-fred-sathal-estao-de-volta\/fred-sathal-10\/\" data-orig-file=\"https:\/\/i0.wp.com\/agrund.com\/wp-content\/uploads\/sites\/6\/2014\/07\/Fred-Sathal-10.jpg?fit=500%2C748&amp;ssl=1\" data-orig-size=\"500,748\" data-comments-opened=\"1\" data-image-meta=\"{&quot;aperture&quot;:&quot;0&quot;,&quot;credit&quot;:&quot;&quot;,&quot;camera&quot;:&quot;&quot;,&quot;caption&quot;:&quot;&quot;,&quot;created_timestamp&quot;:&quot;0&quot;,&quot;copyright&quot;:&quot;&quot;,&quot;focal_length&quot;:&quot;0&quot;,&quot;iso&quot;:&quot;0&quot;,&quot;shutter_speed&quot;:&quot;0&quot;,&quot;title&quot;:&quot;&quot;,&quot;orientation&quot;:&quot;0&quot;}\" data-image-title=\"Semana de Alta-Costura :: Os bordados de Fred Sathal est\u00e3o de volta \" data-image-description=\"\" data-image-caption=\"&lt;p&gt;Semana de Alta-Costura :: Os bordados de Fred Sathal est\u00e3o de volta &lt;\/p&gt;\n\" data-medium-file=\"https:\/\/i0.wp.com\/agrund.com\/wp-content\/uploads\/sites\/6\/2014\/07\/Fred-Sathal-10.jpg?fit=201%2C300&amp;ssl=1\" data-large-file=\"https:\/\/i0.wp.com\/agrund.com\/wp-content\/uploads\/sites\/6\/2014\/07\/Fred-Sathal-10.jpg?fit=500%2C748&amp;ssl=1\" decoding=\"async\" loading=\"lazy\" class=\"size-full wp-image-106959\" alt=\"Semana de Alta-Costura :: Os bordados de Fred Sathal est\u00e3o de volta \" src=\"https:\/\/i0.wp.com\/www.agrund.com\/wp-content\/uploads\/sites\/6\/2014\/07\/Fred-Sathal-10.jpg?resize=500%2C748\" width=\"500\" height=\"748\" srcset=\"https:\/\/i0.wp.com\/agrund.com\/wp-content\/uploads\/sites\/6\/2014\/07\/Fred-Sathal-10.jpg?w=500&amp;ssl=1 500w, https:\/\/i0.wp.com\/agrund.com\/wp-content\/uploads\/sites\/6\/2014\/07\/Fred-Sathal-10.jpg?resize=201%2C300&amp;ssl=1 201w\" sizes=\"(max-width: 500px) 100vw, 500px\" data-recalc-dims=\"1\" \/><\/a><p id=\"caption-attachment-106959\" class=\"wp-caption-text\">Semana de Alta-Costura :: Os bordados de Fred Sathal est\u00e3o de volta<\/p><\/div>\n<div id=\"attachment_106960\" style=\"width: 510px\" class=\"wp-caption aligncenter\"><a href=\"https:\/\/i0.wp.com\/www.agrund.com\/wp-content\/uploads\/sites\/6\/2014\/07\/Fred-Sathal-11.jpg\"><img aria-describedby=\"caption-attachment-106960\" data-attachment-id=\"106960\" data-permalink=\"https:\/\/agrund.com\/index.php\/semana-de-alta-costura-os-bordados-de-fred-sathal-estao-de-volta\/fred-sathal-11\/\" data-orig-file=\"https:\/\/i0.wp.com\/agrund.com\/wp-content\/uploads\/sites\/6\/2014\/07\/Fred-Sathal-11.jpg?fit=500%2C748&amp;ssl=1\" data-orig-size=\"500,748\" data-comments-opened=\"1\" data-image-meta=\"{&quot;aperture&quot;:&quot;0&quot;,&quot;credit&quot;:&quot;&quot;,&quot;camera&quot;:&quot;&quot;,&quot;caption&quot;:&quot;&quot;,&quot;created_timestamp&quot;:&quot;0&quot;,&quot;copyright&quot;:&quot;&quot;,&quot;focal_length&quot;:&quot;0&quot;,&quot;iso&quot;:&quot;0&quot;,&quot;shutter_speed&quot;:&quot;0&quot;,&quot;title&quot;:&quot;&quot;,&quot;orientation&quot;:&quot;0&quot;}\" data-image-title=\"Semana de Alta-Costura :: Os bordados de Fred Sathal est\u00e3o de volta \" data-image-description=\"\" data-image-caption=\"&lt;p&gt;Semana de Alta-Costura :: Os bordados de Fred Sathal est\u00e3o de volta &lt;\/p&gt;\n\" data-medium-file=\"https:\/\/i0.wp.com\/agrund.com\/wp-content\/uploads\/sites\/6\/2014\/07\/Fred-Sathal-11.jpg?fit=201%2C300&amp;ssl=1\" data-large-file=\"https:\/\/i0.wp.com\/agrund.com\/wp-content\/uploads\/sites\/6\/2014\/07\/Fred-Sathal-11.jpg?fit=500%2C748&amp;ssl=1\" decoding=\"async\" loading=\"lazy\" class=\"size-full wp-image-106960\" alt=\"Semana de Alta-Costura :: Os bordados de Fred Sathal est\u00e3o de volta \" src=\"https:\/\/i0.wp.com\/www.agrund.com\/wp-content\/uploads\/sites\/6\/2014\/07\/Fred-Sathal-11.jpg?resize=500%2C748\" width=\"500\" height=\"748\" srcset=\"https:\/\/i0.wp.com\/agrund.com\/wp-content\/uploads\/sites\/6\/2014\/07\/Fred-Sathal-11.jpg?w=500&amp;ssl=1 500w, https:\/\/i0.wp.com\/agrund.com\/wp-content\/uploads\/sites\/6\/2014\/07\/Fred-Sathal-11.jpg?resize=201%2C300&amp;ssl=1 201w\" sizes=\"(max-width: 500px) 100vw, 500px\" data-recalc-dims=\"1\" \/><\/a><p id=\"caption-attachment-106960\" class=\"wp-caption-text\">Semana de Alta-Costura :: Os bordados de Fred Sathal est\u00e3o de volta<\/p><\/div>\n<div id=\"attachment_106961\" style=\"width: 510px\" class=\"wp-caption aligncenter\"><a href=\"https:\/\/i0.wp.com\/www.agrund.com\/wp-content\/uploads\/sites\/6\/2014\/07\/Fred-Sathal-12.jpg\"><img aria-describedby=\"caption-attachment-106961\" data-attachment-id=\"106961\" data-permalink=\"https:\/\/agrund.com\/index.php\/semana-de-alta-costura-os-bordados-de-fred-sathal-estao-de-volta\/fred-sathal-12\/\" data-orig-file=\"https:\/\/i0.wp.com\/agrund.com\/wp-content\/uploads\/sites\/6\/2014\/07\/Fred-Sathal-12.jpg?fit=500%2C748&amp;ssl=1\" data-orig-size=\"500,748\" data-comments-opened=\"1\" data-image-meta=\"{&quot;aperture&quot;:&quot;0&quot;,&quot;credit&quot;:&quot;&quot;,&quot;camera&quot;:&quot;&quot;,&quot;caption&quot;:&quot;&quot;,&quot;created_timestamp&quot;:&quot;0&quot;,&quot;copyright&quot;:&quot;&quot;,&quot;focal_length&quot;:&quot;0&quot;,&quot;iso&quot;:&quot;0&quot;,&quot;shutter_speed&quot;:&quot;0&quot;,&quot;title&quot;:&quot;&quot;,&quot;orientation&quot;:&quot;0&quot;}\" data-image-title=\"Semana de Alta-Costura :: Os bordados de Fred Sathal est\u00e3o de volta \" data-image-description=\"\" data-image-caption=\"&lt;p&gt;Semana de Alta-Costura :: Os bordados de Fred Sathal est\u00e3o de volta &lt;\/p&gt;\n\" data-medium-file=\"https:\/\/i0.wp.com\/agrund.com\/wp-content\/uploads\/sites\/6\/2014\/07\/Fred-Sathal-12.jpg?fit=201%2C300&amp;ssl=1\" data-large-file=\"https:\/\/i0.wp.com\/agrund.com\/wp-content\/uploads\/sites\/6\/2014\/07\/Fred-Sathal-12.jpg?fit=500%2C748&amp;ssl=1\" decoding=\"async\" loading=\"lazy\" class=\"size-full wp-image-106961\" alt=\"Semana de Alta-Costura :: Os bordados de Fred Sathal est\u00e3o de volta \" src=\"https:\/\/i0.wp.com\/www.agrund.com\/wp-content\/uploads\/sites\/6\/2014\/07\/Fred-Sathal-12.jpg?resize=500%2C748\" width=\"500\" height=\"748\" srcset=\"https:\/\/i0.wp.com\/agrund.com\/wp-content\/uploads\/sites\/6\/2014\/07\/Fred-Sathal-12.jpg?w=500&amp;ssl=1 500w, https:\/\/i0.wp.com\/agrund.com\/wp-content\/uploads\/sites\/6\/2014\/07\/Fred-Sathal-12.jpg?resize=201%2C300&amp;ssl=1 201w\" sizes=\"(max-width: 500px) 100vw, 500px\" data-recalc-dims=\"1\" \/><\/a><p id=\"caption-attachment-106961\" class=\"wp-caption-text\">Semana de Alta-Costura :: Os bordados de Fred Sathal est\u00e3o de volta<\/p><\/div>\n<p>&nbsp;<\/p>\n<p>Imagens: Reprodu\u00e7\u00e3o.<\/p>\n<p>&nbsp;<\/p>\n<p>&nbsp;<\/p>\n<p>&nbsp;<\/p>\n<p>&nbsp;<\/p>\n<p>&nbsp;<\/p>\n<p>&nbsp;<\/p>\n<p>&nbsp;<\/p>\n<p>&nbsp;<\/p>\n<p>&nbsp;<\/p>\n<p>&nbsp;<\/p>\n<p>&nbsp;<\/p>\n","protected":false},"excerpt":{"rendered":"<p>\u200bVoc\u00ea conhece Fred Sathal? Nunca ouviu falar? Sem problemas, afinal o estilista deu um tempo de oito anos na Semana de Alta-Costura\u200b e s\u00f3 voltou a desfilar agora, na temporada de outono-inverno 2014\/15. Conhecido pelos bordados multicoloridos, Fred mant\u00e9m o que consagrou a marca nessa cole\u00e7\u00e3o com aplica\u00e7\u00f5es em todo tipo de roupa, desde conjuntos [&hellip;]<\/p>\n","protected":false},"author":8,"featured_media":106962,"comment_status":"open","ping_status":"open","sticky":false,"template":"","format":"standard","meta":{"jetpack_post_was_ever_published":false,"_jetpack_newsletter_access":"","jetpack_publicize_message":"","jetpack_is_tweetstorm":false,"jetpack_publicize_feature_enabled":true,"jetpack_social_post_already_shared":true,"jetpack_social_options":{"image_generator_settings":{"template":"highway","enabled":false}}},"categories":[9,2],"tags":[],"jetpack_publicize_connections":[],"jetpack_featured_media_url":"https:\/\/i0.wp.com\/agrund.com\/wp-content\/uploads\/sites\/6\/2014\/07\/slide34.jpg?fit=960%2C300&ssl=1","jetpack_sharing_enabled":true,"jetpack_shortlink":"https:\/\/wp.me\/p3Hz0n-rOZ","jetpack_likes_enabled":true,"_links":{"self":[{"href":"https:\/\/agrund.com\/index.php\/wp-json\/wp\/v2\/posts\/106949"}],"collection":[{"href":"https:\/\/agrund.com\/index.php\/wp-json\/wp\/v2\/posts"}],"about":[{"href":"https:\/\/agrund.com\/index.php\/wp-json\/wp\/v2\/types\/post"}],"author":[{"embeddable":true,"href":"https:\/\/agrund.com\/index.php\/wp-json\/wp\/v2\/users\/8"}],"replies":[{"embeddable":true,"href":"https:\/\/agrund.com\/index.php\/wp-json\/wp\/v2\/comments?post=106949"}],"version-history":[{"count":0,"href":"https:\/\/agrund.com\/index.php\/wp-json\/wp\/v2\/posts\/106949\/revisions"}],"wp:featuredmedia":[{"embeddable":true,"href":"https:\/\/agrund.com\/index.php\/wp-json\/wp\/v2\/media\/106962"}],"wp:attachment":[{"href":"https:\/\/agrund.com\/index.php\/wp-json\/wp\/v2\/media?parent=106949"}],"wp:term":[{"taxonomy":"category","embeddable":true,"href":"https:\/\/agrund.com\/index.php\/wp-json\/wp\/v2\/categories?post=106949"},{"taxonomy":"post_tag","embeddable":true,"href":"https:\/\/agrund.com\/index.php\/wp-json\/wp\/v2\/tags?post=106949"}],"curies":[{"name":"wp","href":"https:\/\/api.w.org\/{rel}","templated":true}]}}