{"id":106807,"date":"2014-07-03T20:00:04","date_gmt":"2014-07-03T23:00:04","guid":{"rendered":"http:\/\/www.agrund.com\/?p=106807"},"modified":"2014-07-03T18:53:08","modified_gmt":"2014-07-03T21:53:08","slug":"por-dentro-da-cores-do-brasil","status":"publish","type":"post","link":"https:\/\/agrund.com\/index.php\/por-dentro-da-cores-do-brasil\/","title":{"rendered":"Por dentro da &#8220;Cores do Brasil&#8221;"},"content":{"rendered":"<div>Lembra da exposi\u00e7\u00e3o &#8220;Cores do Brasil&#8221; que desembarca hoje (3\/07) em SP com dire\u00e7\u00e3o da dupla Basso &amp; Brooke (reveja <a href=\"http:\/\/www.agrund.com\/agenda-cores-do-brasil-abre-em-sp-com-direcao-de-basso-brooke\/\" target=\"_blank\">AQUI<\/a>)? A equipe do\u00a0<a href=\"http:\/\/agrund.com\/\" target=\"_blank\">agrund.com<\/a>\u00a0conferiu tudo em primeira m\u00e3o e conta os detalhes mais bacanas que fazem dessa uma mostra imperd\u00edvel.<\/div>\n<div><\/div>\n<div>Al\u00e9m da proposta admir\u00e1vel por tr\u00e1s da exp\u00f4 (unir moda, fotografia e arte com a cria\u00e7\u00e3o estampas feitas a partir de fotos clicadas por jovens de comunidades carentes), a &#8220;Cores do Brasil&#8221; tamb\u00e9m d\u00e1 um show de execu\u00e7\u00e3o na cenografia de Marko Brajovic: a Oca, no Parque do Ibirapuera, recebeu um livro gigante no qual cada p\u00e1gina conta com uma instala\u00e7\u00e3o decorada com as imagens e colagens do projeto, sendo que os visitantes podem interagir com alguns desses &#8220;cap\u00edtulos&#8221; (n\u00e3o deixe de entrar no t\u00fanel de espelhos!).<\/div>\n<div><\/div>\n<div>E claro: os chap\u00e9us criados por Stephen Jones tamb\u00e9m chamam a aten\u00e7\u00e3o ao lado dos nove looks feitos pelos estilistas que exaltam o talento de Bruno Basso e Christopher Brooke na estamparia digital respons\u00e1vel pela consolida\u00e7\u00e3o da marca.<\/div>\n<div>A mostra fica em cartaz at\u00e9 2\/08, n\u00e3o perca!<\/div>\n<div><\/div>\n<div>\n<div id=\"attachment_106808\" style=\"width: 510px\" class=\"wp-caption aligncenter\"><a href=\"https:\/\/i0.wp.com\/www.agrund.com\/wp-content\/uploads\/sites\/6\/2014\/07\/exposicaoIMG_7304Abertura-CORES_2014_Jennifer-Glass_-Fotos-do-Oficio.jpg\"><img aria-describedby=\"caption-attachment-106808\" data-attachment-id=\"106808\" data-permalink=\"https:\/\/agrund.com\/index.php\/por-dentro-da-cores-do-brasil\/exposicaoimg_7304abertura-cores_2014_jennifer-glass_-fotos-do-oficio\/\" data-orig-file=\"https:\/\/i0.wp.com\/agrund.com\/wp-content\/uploads\/sites\/6\/2014\/07\/exposicaoIMG_7304Abertura-CORES_2014_Jennifer-Glass_-Fotos-do-Oficio.jpg?fit=500%2C333&amp;ssl=1\" data-orig-size=\"500,333\" data-comments-opened=\"1\" data-image-meta=\"{&quot;aperture&quot;:&quot;4.5&quot;,&quot;credit&quot;:&quot;&quot;,&quot;camera&quot;:&quot;Canon EOS 7D&quot;,&quot;caption&quot;:&quot;&quot;,&quot;created_timestamp&quot;:&quot;1404336596&quot;,&quot;copyright&quot;:&quot;Jennifer Glass - Fotos do O\\u0192\\u00edcio.&quot;,&quot;focal_length&quot;:&quot;28&quot;,&quot;iso&quot;:&quot;3200&quot;,&quot;shutter_speed&quot;:&quot;0.0166666666667&quot;,&quot;title&quot;:&quot;&quot;,&quot;orientation&quot;:&quot;0&quot;}\" data-image-title=\"Por dentro da &#8220;Cores do Brasil&#8221; \" data-image-description=\"\" data-image-caption=\"&lt;p&gt;Por dentro da &#8220;Cores do Brasil&#8221; &lt;\/p&gt;\n\" data-medium-file=\"https:\/\/i0.wp.com\/agrund.com\/wp-content\/uploads\/sites\/6\/2014\/07\/exposicaoIMG_7304Abertura-CORES_2014_Jennifer-Glass_-Fotos-do-Oficio.jpg?fit=300%2C200&amp;ssl=1\" data-large-file=\"https:\/\/i0.wp.com\/agrund.com\/wp-content\/uploads\/sites\/6\/2014\/07\/exposicaoIMG_7304Abertura-CORES_2014_Jennifer-Glass_-Fotos-do-Oficio.jpg?fit=500%2C333&amp;ssl=1\" decoding=\"async\" loading=\"lazy\" class=\"size-full wp-image-106808\" alt=\"Por dentro da &quot;Cores do Brasil&quot; \" src=\"https:\/\/i0.wp.com\/www.agrund.com\/wp-content\/uploads\/sites\/6\/2014\/07\/exposicaoIMG_7304Abertura-CORES_2014_Jennifer-Glass_-Fotos-do-Oficio.jpg?resize=500%2C333\" width=\"500\" height=\"333\" srcset=\"https:\/\/i0.wp.com\/agrund.com\/wp-content\/uploads\/sites\/6\/2014\/07\/exposicaoIMG_7304Abertura-CORES_2014_Jennifer-Glass_-Fotos-do-Oficio.jpg?w=500&amp;ssl=1 500w, https:\/\/i0.wp.com\/agrund.com\/wp-content\/uploads\/sites\/6\/2014\/07\/exposicaoIMG_7304Abertura-CORES_2014_Jennifer-Glass_-Fotos-do-Oficio.jpg?resize=300%2C200&amp;ssl=1 300w\" sizes=\"(max-width: 500px) 100vw, 500px\" data-recalc-dims=\"1\" \/><\/a><p id=\"caption-attachment-106808\" class=\"wp-caption-text\">Por dentro da &#8220;Cores do Brasil&#8221;<\/p><\/div>\n<div id=\"attachment_106809\" style=\"width: 510px\" class=\"wp-caption aligncenter\"><a href=\"https:\/\/i0.wp.com\/www.agrund.com\/wp-content\/uploads\/sites\/6\/2014\/07\/exposicaoIMG_7319Abertura-CORES_2014_Jennifer-Glass_-Fotos-do-Oficio.jpg\"><img aria-describedby=\"caption-attachment-106809\" data-attachment-id=\"106809\" data-permalink=\"https:\/\/agrund.com\/index.php\/por-dentro-da-cores-do-brasil\/exposicaoimg_7319abertura-cores_2014_jennifer-glass_-fotos-do-oficio\/\" data-orig-file=\"https:\/\/i0.wp.com\/agrund.com\/wp-content\/uploads\/sites\/6\/2014\/07\/exposicaoIMG_7319Abertura-CORES_2014_Jennifer-Glass_-Fotos-do-Oficio.jpg?fit=500%2C750&amp;ssl=1\" data-orig-size=\"500,750\" data-comments-opened=\"1\" data-image-meta=\"{&quot;aperture&quot;:&quot;3.5&quot;,&quot;credit&quot;:&quot;&quot;,&quot;camera&quot;:&quot;Canon EOS 7D&quot;,&quot;caption&quot;:&quot;&quot;,&quot;created_timestamp&quot;:&quot;1404336787&quot;,&quot;copyright&quot;:&quot;Jennifer Glass - Fotos do O\\u0192\\u00edcio.&quot;,&quot;focal_length&quot;:&quot;28&quot;,&quot;iso&quot;:&quot;6400&quot;,&quot;shutter_speed&quot;:&quot;0.00625&quot;,&quot;title&quot;:&quot;&quot;,&quot;orientation&quot;:&quot;0&quot;}\" data-image-title=\"Por dentro da &#8220;Cores do Brasil&#8221; \" data-image-description=\"\" data-image-caption=\"&lt;p&gt;Por dentro da &#8220;Cores do Brasil&#8221; &lt;\/p&gt;\n\" data-medium-file=\"https:\/\/i0.wp.com\/agrund.com\/wp-content\/uploads\/sites\/6\/2014\/07\/exposicaoIMG_7319Abertura-CORES_2014_Jennifer-Glass_-Fotos-do-Oficio.jpg?fit=200%2C300&amp;ssl=1\" data-large-file=\"https:\/\/i0.wp.com\/agrund.com\/wp-content\/uploads\/sites\/6\/2014\/07\/exposicaoIMG_7319Abertura-CORES_2014_Jennifer-Glass_-Fotos-do-Oficio.jpg?fit=500%2C750&amp;ssl=1\" decoding=\"async\" loading=\"lazy\" class=\"size-full wp-image-106809\" alt=\"Por dentro da &quot;Cores do Brasil&quot; \" src=\"https:\/\/i0.wp.com\/www.agrund.com\/wp-content\/uploads\/sites\/6\/2014\/07\/exposicaoIMG_7319Abertura-CORES_2014_Jennifer-Glass_-Fotos-do-Oficio.jpg?resize=500%2C750\" width=\"500\" height=\"750\" srcset=\"https:\/\/i0.wp.com\/agrund.com\/wp-content\/uploads\/sites\/6\/2014\/07\/exposicaoIMG_7319Abertura-CORES_2014_Jennifer-Glass_-Fotos-do-Oficio.jpg?w=500&amp;ssl=1 500w, https:\/\/i0.wp.com\/agrund.com\/wp-content\/uploads\/sites\/6\/2014\/07\/exposicaoIMG_7319Abertura-CORES_2014_Jennifer-Glass_-Fotos-do-Oficio.jpg?resize=200%2C300&amp;ssl=1 200w\" sizes=\"(max-width: 500px) 100vw, 500px\" data-recalc-dims=\"1\" \/><\/a><p id=\"caption-attachment-106809\" class=\"wp-caption-text\">Por dentro da &#8220;Cores do Brasil&#8221;<\/p><\/div>\n<div id=\"attachment_106810\" style=\"width: 510px\" class=\"wp-caption aligncenter\"><a href=\"https:\/\/i0.wp.com\/www.agrund.com\/wp-content\/uploads\/sites\/6\/2014\/07\/exposicaoIMG_7331Abertura-CORES_2014_Jennifer-Glass_-Fotos-do-Oficio.jpg\"><img aria-describedby=\"caption-attachment-106810\" data-attachment-id=\"106810\" data-permalink=\"https:\/\/agrund.com\/index.php\/por-dentro-da-cores-do-brasil\/exposicaoimg_7331abertura-cores_2014_jennifer-glass_-fotos-do-oficio\/\" data-orig-file=\"https:\/\/i0.wp.com\/agrund.com\/wp-content\/uploads\/sites\/6\/2014\/07\/exposicaoIMG_7331Abertura-CORES_2014_Jennifer-Glass_-Fotos-do-Oficio.jpg?fit=500%2C750&amp;ssl=1\" data-orig-size=\"500,750\" data-comments-opened=\"1\" data-image-meta=\"{&quot;aperture&quot;:&quot;3.5&quot;,&quot;credit&quot;:&quot;&quot;,&quot;camera&quot;:&quot;Canon EOS 7D&quot;,&quot;caption&quot;:&quot;&quot;,&quot;created_timestamp&quot;:&quot;1404336872&quot;,&quot;copyright&quot;:&quot;Jennifer Glass - Fotos do O\\u0192\\u00edcio.&quot;,&quot;focal_length&quot;:&quot;28&quot;,&quot;iso&quot;:&quot;6400&quot;,&quot;shutter_speed&quot;:&quot;0.0125&quot;,&quot;title&quot;:&quot;&quot;,&quot;orientation&quot;:&quot;0&quot;}\" data-image-title=\"Por dentro da &#8220;Cores do Brasil&#8221; \" data-image-description=\"\" data-image-caption=\"&lt;p&gt;Por dentro da &#8220;Cores do Brasil&#8221; &lt;\/p&gt;\n\" data-medium-file=\"https:\/\/i0.wp.com\/agrund.com\/wp-content\/uploads\/sites\/6\/2014\/07\/exposicaoIMG_7331Abertura-CORES_2014_Jennifer-Glass_-Fotos-do-Oficio.jpg?fit=200%2C300&amp;ssl=1\" data-large-file=\"https:\/\/i0.wp.com\/agrund.com\/wp-content\/uploads\/sites\/6\/2014\/07\/exposicaoIMG_7331Abertura-CORES_2014_Jennifer-Glass_-Fotos-do-Oficio.jpg?fit=500%2C750&amp;ssl=1\" decoding=\"async\" loading=\"lazy\" class=\"size-full wp-image-106810\" alt=\"Por dentro da &quot;Cores do Brasil&quot; \" src=\"https:\/\/i0.wp.com\/www.agrund.com\/wp-content\/uploads\/sites\/6\/2014\/07\/exposicaoIMG_7331Abertura-CORES_2014_Jennifer-Glass_-Fotos-do-Oficio.jpg?resize=500%2C750\" width=\"500\" height=\"750\" srcset=\"https:\/\/i0.wp.com\/agrund.com\/wp-content\/uploads\/sites\/6\/2014\/07\/exposicaoIMG_7331Abertura-CORES_2014_Jennifer-Glass_-Fotos-do-Oficio.jpg?w=500&amp;ssl=1 500w, https:\/\/i0.wp.com\/agrund.com\/wp-content\/uploads\/sites\/6\/2014\/07\/exposicaoIMG_7331Abertura-CORES_2014_Jennifer-Glass_-Fotos-do-Oficio.jpg?resize=200%2C300&amp;ssl=1 200w\" sizes=\"(max-width: 500px) 100vw, 500px\" data-recalc-dims=\"1\" \/><\/a><p id=\"caption-attachment-106810\" class=\"wp-caption-text\">Por dentro da &#8220;Cores do Brasil&#8221;<\/p><\/div>\n<div id=\"attachment_106811\" style=\"width: 510px\" class=\"wp-caption aligncenter\"><a href=\"https:\/\/i0.wp.com\/www.agrund.com\/wp-content\/uploads\/sites\/6\/2014\/07\/ExposicaoIMG_7345Abertura-CORES_2014_Jennifer-Glass_-Fotos-do-Oficio.jpg\"><img aria-describedby=\"caption-attachment-106811\" data-attachment-id=\"106811\" data-permalink=\"https:\/\/agrund.com\/index.php\/por-dentro-da-cores-do-brasil\/exposicaoimg_7345abertura-cores_2014_jennifer-glass_-fotos-do-oficio\/\" data-orig-file=\"https:\/\/i0.wp.com\/agrund.com\/wp-content\/uploads\/sites\/6\/2014\/07\/ExposicaoIMG_7345Abertura-CORES_2014_Jennifer-Glass_-Fotos-do-Oficio.jpg?fit=500%2C333&amp;ssl=1\" data-orig-size=\"500,333\" data-comments-opened=\"1\" data-image-meta=\"{&quot;aperture&quot;:&quot;3.5&quot;,&quot;credit&quot;:&quot;&quot;,&quot;camera&quot;:&quot;Canon EOS 7D&quot;,&quot;caption&quot;:&quot;&quot;,&quot;created_timestamp&quot;:&quot;1404336954&quot;,&quot;copyright&quot;:&quot;Jennifer Glass - Fotos do O\\u0192\\u00edcio.&quot;,&quot;focal_length&quot;:&quot;30&quot;,&quot;iso&quot;:&quot;3200&quot;,&quot;shutter_speed&quot;:&quot;0.00625&quot;,&quot;title&quot;:&quot;&quot;,&quot;orientation&quot;:&quot;0&quot;}\" data-image-title=\"Por dentro da &#8220;Cores do Brasil&#8221; \" data-image-description=\"\" data-image-caption=\"&lt;p&gt;Por dentro da &#8220;Cores do Brasil&#8221; &lt;\/p&gt;\n\" data-medium-file=\"https:\/\/i0.wp.com\/agrund.com\/wp-content\/uploads\/sites\/6\/2014\/07\/ExposicaoIMG_7345Abertura-CORES_2014_Jennifer-Glass_-Fotos-do-Oficio.jpg?fit=300%2C200&amp;ssl=1\" data-large-file=\"https:\/\/i0.wp.com\/agrund.com\/wp-content\/uploads\/sites\/6\/2014\/07\/ExposicaoIMG_7345Abertura-CORES_2014_Jennifer-Glass_-Fotos-do-Oficio.jpg?fit=500%2C333&amp;ssl=1\" decoding=\"async\" loading=\"lazy\" class=\"size-full wp-image-106811\" alt=\"Por dentro da &quot;Cores do Brasil&quot; \" src=\"https:\/\/i0.wp.com\/www.agrund.com\/wp-content\/uploads\/sites\/6\/2014\/07\/ExposicaoIMG_7345Abertura-CORES_2014_Jennifer-Glass_-Fotos-do-Oficio.jpg?resize=500%2C333\" width=\"500\" height=\"333\" srcset=\"https:\/\/i0.wp.com\/agrund.com\/wp-content\/uploads\/sites\/6\/2014\/07\/ExposicaoIMG_7345Abertura-CORES_2014_Jennifer-Glass_-Fotos-do-Oficio.jpg?w=500&amp;ssl=1 500w, https:\/\/i0.wp.com\/agrund.com\/wp-content\/uploads\/sites\/6\/2014\/07\/ExposicaoIMG_7345Abertura-CORES_2014_Jennifer-Glass_-Fotos-do-Oficio.jpg?resize=300%2C200&amp;ssl=1 300w\" sizes=\"(max-width: 500px) 100vw, 500px\" data-recalc-dims=\"1\" \/><\/a><p id=\"caption-attachment-106811\" class=\"wp-caption-text\">Por dentro da &#8220;Cores do Brasil&#8221;<\/p><\/div>\n<p>&nbsp;<\/p>\n<p>Imagens: Reprodu\u00e7\u00e3o.<\/p>\n<p>&nbsp;<\/p>\n<p>&nbsp;<\/p>\n<p>&nbsp;<\/p>\n<\/div>\n","protected":false},"excerpt":{"rendered":"<p>Lembra da exposi\u00e7\u00e3o &#8220;Cores do Brasil&#8221; que desembarca hoje (3\/07) em SP com dire\u00e7\u00e3o da dupla Basso &amp; Brooke (reveja AQUI)? A equipe do\u00a0agrund.com\u00a0conferiu tudo em primeira m\u00e3o e conta os detalhes mais bacanas que fazem dessa uma mostra imperd\u00edvel. Al\u00e9m da proposta admir\u00e1vel por tr\u00e1s da exp\u00f4 (unir moda, fotografia e arte com a [&hellip;]<\/p>\n","protected":false},"author":8,"featured_media":106812,"comment_status":"open","ping_status":"open","sticky":false,"template":"","format":"standard","meta":{"jetpack_post_was_ever_published":false,"_jetpack_newsletter_access":"","jetpack_publicize_message":"","jetpack_is_tweetstorm":false,"jetpack_publicize_feature_enabled":true,"jetpack_social_post_already_shared":true,"jetpack_social_options":{"image_generator_settings":{"template":"highway","enabled":false}}},"categories":[2],"tags":[],"jetpack_publicize_connections":[],"jetpack_featured_media_url":"https:\/\/i0.wp.com\/agrund.com\/wp-content\/uploads\/sites\/6\/2014\/07\/slide23.jpg?fit=960%2C300&ssl=1","jetpack_sharing_enabled":true,"jetpack_shortlink":"https:\/\/wp.me\/p3Hz0n-rMH","jetpack_likes_enabled":true,"_links":{"self":[{"href":"https:\/\/agrund.com\/index.php\/wp-json\/wp\/v2\/posts\/106807"}],"collection":[{"href":"https:\/\/agrund.com\/index.php\/wp-json\/wp\/v2\/posts"}],"about":[{"href":"https:\/\/agrund.com\/index.php\/wp-json\/wp\/v2\/types\/post"}],"author":[{"embeddable":true,"href":"https:\/\/agrund.com\/index.php\/wp-json\/wp\/v2\/users\/8"}],"replies":[{"embeddable":true,"href":"https:\/\/agrund.com\/index.php\/wp-json\/wp\/v2\/comments?post=106807"}],"version-history":[{"count":0,"href":"https:\/\/agrund.com\/index.php\/wp-json\/wp\/v2\/posts\/106807\/revisions"}],"wp:featuredmedia":[{"embeddable":true,"href":"https:\/\/agrund.com\/index.php\/wp-json\/wp\/v2\/media\/106812"}],"wp:attachment":[{"href":"https:\/\/agrund.com\/index.php\/wp-json\/wp\/v2\/media?parent=106807"}],"wp:term":[{"taxonomy":"category","embeddable":true,"href":"https:\/\/agrund.com\/index.php\/wp-json\/wp\/v2\/categories?post=106807"},{"taxonomy":"post_tag","embeddable":true,"href":"https:\/\/agrund.com\/index.php\/wp-json\/wp\/v2\/tags?post=106807"}],"curies":[{"name":"wp","href":"https:\/\/api.w.org\/{rel}","templated":true}]}}