{"id":10664,"date":"2011-05-25T16:46:11","date_gmt":"2011-05-25T19:46:11","guid":{"rendered":"http:\/\/www.agrund.com\/blogs\/notas\/?p=10664"},"modified":"2011-05-25T16:46:11","modified_gmt":"2011-05-25T19:46:11","slug":"fashion-business-maria-filo-e-victor-dzenk","status":"publish","type":"post","link":"https:\/\/agrund.com\/index.php\/fashion-business-maria-filo-e-victor-dzenk\/","title":{"rendered":"Fashion Business :: Maria Fil\u00f3 e Victor Dzenk"},"content":{"rendered":"<p>A <strong>Maria Fil\u00f3 <\/strong>estreou nas semanas de moda com um desfile cheio de pe\u00e7as que podem \u2013 e provavelmente v\u00e3o \u2013 ir direto pro guarda roupa de suas clientes. Tons tropicais e uma inspira\u00e7\u00e3o em perfumes de flores e frutas que podem ser vistos nos tons c\u00edtricos. Pe\u00e7as ultra femininas e tropicais, soltinhas e acinturadas que tem tudo para ser mais um sucesso no ver\u00e3o carioca.<\/p>\n<p style=\"text-align: center\"><img decoding=\"async\" loading=\"lazy\" class=\"size-medium wp-image-10668 aligncenter\" src=\"https:\/\/i0.wp.com\/www.agrund.com\/arquivo\/notas\/files\/2011\/05\/Picture-111-195x300.png?resize=214%2C329\" alt=\"\" width=\"214\" height=\"329\" data-recalc-dims=\"1\" \/><img decoding=\"async\" loading=\"lazy\" class=\"size-medium wp-image-10667 aligncenter\" src=\"https:\/\/i0.wp.com\/www.agrund.com\/arquivo\/notas\/files\/2011\/05\/Picture-101-197x300.png?resize=214%2C325\" alt=\"\" width=\"214\" height=\"325\" data-recalc-dims=\"1\" \/><img decoding=\"async\" loading=\"lazy\" class=\"size-medium wp-image-10666 aligncenter\" src=\"https:\/\/i0.wp.com\/www.agrund.com\/arquivo\/notas\/files\/2011\/05\/Picture-72-199x300.png?resize=209%2C316\" alt=\"\" width=\"209\" height=\"316\" data-recalc-dims=\"1\" \/><img decoding=\"async\" loading=\"lazy\" class=\"size-medium wp-image-10665 aligncenter\" src=\"https:\/\/i0.wp.com\/www.agrund.com\/arquivo\/notas\/files\/2011\/05\/Picture-63-199x300.png?resize=210%2C317\" alt=\"\" width=\"210\" height=\"317\" data-recalc-dims=\"1\" \/><\/p>\n<p><strong>Victor Dzenk<\/strong> mostrou maxi vestidos super fluidos com estampas org\u00e2nicas que mostram uma mulher forte e at\u00e9 um pouco m\u00edstica. A cole\u00e7\u00e3o apareceu com o nome de \u201cSopro da Amaz\u00f4nia\u201d e mostra elementos da fauna e da flora com toques tribais. N\u00e3o \u00e9 qualquer mulher que carrega seus looks, mas quando consegue pode ter certeza que para a festa.<\/p>\n<p style=\"text-align: center\"><img decoding=\"async\" loading=\"lazy\" class=\"size-medium wp-image-10673 aligncenter\" src=\"https:\/\/i0.wp.com\/www.agrund.com\/arquivo\/notas\/files\/2011\/05\/Picture-15-201x300.png?resize=201%2C300\" alt=\"\" width=\"201\" height=\"300\" data-recalc-dims=\"1\" \/><img decoding=\"async\" loading=\"lazy\" class=\"size-medium wp-image-10671 aligncenter\" src=\"https:\/\/i0.wp.com\/www.agrund.com\/arquivo\/notas\/files\/2011\/05\/Picture-141-194x300.png?resize=194%2C300\" alt=\"\" width=\"194\" height=\"300\" data-recalc-dims=\"1\" \/><img decoding=\"async\" loading=\"lazy\" class=\"size-medium wp-image-10670 aligncenter\" src=\"https:\/\/i0.wp.com\/www.agrund.com\/arquivo\/notas\/files\/2011\/05\/Picture-131-197x300.png?resize=197%2C300\" alt=\"\" width=\"197\" height=\"300\" data-recalc-dims=\"1\" \/><\/p>\n<p style=\"text-align: center\">\n","protected":false},"excerpt":{"rendered":"<p>A Maria Fil\u00f3 estreou nas semanas de moda com um desfile cheio de pe\u00e7as que podem \u2013 e provavelmente v\u00e3o \u2013 ir direto pro guarda roupa de suas clientes. Tons tropicais e uma inspira\u00e7\u00e3o em perfumes de flores e frutas que podem ser vistos nos tons c\u00edtricos. Pe\u00e7as ultra femininas e tropicais, soltinhas e acinturadas [&hellip;]<\/p>\n","protected":false},"author":8,"featured_media":10668,"comment_status":"open","ping_status":"open","sticky":false,"template":"","format":"standard","meta":{"jetpack_post_was_ever_published":false,"_jetpack_newsletter_access":"","jetpack_publicize_message":"","jetpack_is_tweetstorm":false,"jetpack_publicize_feature_enabled":true,"jetpack_social_post_already_shared":false,"jetpack_social_options":{"image_generator_settings":{"template":"highway","enabled":false}}},"categories":[2],"tags":[],"jetpack_publicize_connections":[],"jetpack_featured_media_url":"","jetpack_sharing_enabled":true,"jetpack_shortlink":"https:\/\/wp.me\/p3Hz0n-2M0","jetpack_likes_enabled":true,"_links":{"self":[{"href":"https:\/\/agrund.com\/index.php\/wp-json\/wp\/v2\/posts\/10664"}],"collection":[{"href":"https:\/\/agrund.com\/index.php\/wp-json\/wp\/v2\/posts"}],"about":[{"href":"https:\/\/agrund.com\/index.php\/wp-json\/wp\/v2\/types\/post"}],"author":[{"embeddable":true,"href":"https:\/\/agrund.com\/index.php\/wp-json\/wp\/v2\/users\/8"}],"replies":[{"embeddable":true,"href":"https:\/\/agrund.com\/index.php\/wp-json\/wp\/v2\/comments?post=10664"}],"version-history":[{"count":0,"href":"https:\/\/agrund.com\/index.php\/wp-json\/wp\/v2\/posts\/10664\/revisions"}],"wp:featuredmedia":[{"embeddable":true,"href":"https:\/\/agrund.com\/index.php\/wp-json\/"}],"wp:attachment":[{"href":"https:\/\/agrund.com\/index.php\/wp-json\/wp\/v2\/media?parent=10664"}],"wp:term":[{"taxonomy":"category","embeddable":true,"href":"https:\/\/agrund.com\/index.php\/wp-json\/wp\/v2\/categories?post=10664"},{"taxonomy":"post_tag","embeddable":true,"href":"https:\/\/agrund.com\/index.php\/wp-json\/wp\/v2\/tags?post=10664"}],"curies":[{"name":"wp","href":"https:\/\/api.w.org\/{rel}","templated":true}]}}