{"id":104980,"date":"2014-06-12T12:00:19","date_gmt":"2014-06-12T15:00:19","guid":{"rendered":"http:\/\/www.agrund.com\/?p=104980"},"modified":"2014-06-12T10:27:54","modified_gmt":"2014-06-12T13:27:54","slug":"mario-testino-traz-in-your-face-para-sp","status":"publish","type":"post","link":"https:\/\/agrund.com\/index.php\/mario-testino-traz-in-your-face-para-sp\/","title":{"rendered":"Mario Testino traz &#8220;In Your Face&#8221; para SP"},"content":{"rendered":"<p>O top fot\u00f3grafo peruano Mario Testino traz a exposi\u00e7\u00e3o &#8220;In Your Face&#8221; para SP depois do lan\u00e7amento em Boston e uma temporada em Buenos Aires. A mostra ir\u00e1 ocupar a FAAP em agosto com 122 cliques de Mario que mostram o estio dele de fazer foto. E para abrir a exposi\u00e7\u00e3o em grande estilo, o pr\u00f3prio Mario Testino \u00e9 quem vem \u00e0 capital paulista para dar a largada oficial \u00e0 programa\u00e7\u00e3o do evento, que estar\u00e1 aberto \u00e0 visita\u00e7\u00e3o de 29\/08 a 12\/10. Fique ligado no agrund.com para saber mais!<\/p>\n<div id=\"attachment_104981\" style=\"width: 510px\" class=\"wp-caption aligncenter\"><a href=\"https:\/\/i0.wp.com\/www.agrund.com\/wp-content\/uploads\/sites\/6\/2014\/06\/Testino_redo_1.jpg\"><img aria-describedby=\"caption-attachment-104981\" data-attachment-id=\"104981\" data-permalink=\"https:\/\/agrund.com\/index.php\/mario-testino-traz-in-your-face-para-sp\/testino_redo_1\/\" data-orig-file=\"https:\/\/i0.wp.com\/agrund.com\/wp-content\/uploads\/sites\/6\/2014\/06\/Testino_redo_1.jpg?fit=500%2C336&amp;ssl=1\" data-orig-size=\"500,336\" data-comments-opened=\"1\" data-image-meta=\"{&quot;aperture&quot;:&quot;0&quot;,&quot;credit&quot;:&quot;&quot;,&quot;camera&quot;:&quot;&quot;,&quot;caption&quot;:&quot;&quot;,&quot;created_timestamp&quot;:&quot;0&quot;,&quot;copyright&quot;:&quot;&quot;,&quot;focal_length&quot;:&quot;0&quot;,&quot;iso&quot;:&quot;0&quot;,&quot;shutter_speed&quot;:&quot;0&quot;,&quot;title&quot;:&quot;&quot;,&quot;orientation&quot;:&quot;0&quot;}\" data-image-title=\"Mario Testino traz &#8220;In Your Face&#8221; para SP \" data-image-description=\"\" data-image-caption=\"&lt;p&gt;Mario Testino traz &#8220;In Your Face&#8221; para SP &lt;\/p&gt;\n\" data-medium-file=\"https:\/\/i0.wp.com\/agrund.com\/wp-content\/uploads\/sites\/6\/2014\/06\/Testino_redo_1.jpg?fit=300%2C202&amp;ssl=1\" data-large-file=\"https:\/\/i0.wp.com\/agrund.com\/wp-content\/uploads\/sites\/6\/2014\/06\/Testino_redo_1.jpg?fit=500%2C336&amp;ssl=1\" decoding=\"async\" loading=\"lazy\" class=\"size-full wp-image-104981\" alt=\"Mario Testino traz &quot;In Your Face&quot; para SP \" src=\"https:\/\/i0.wp.com\/www.agrund.com\/wp-content\/uploads\/sites\/6\/2014\/06\/Testino_redo_1.jpg?resize=500%2C336\" width=\"500\" height=\"336\" srcset=\"https:\/\/i0.wp.com\/agrund.com\/wp-content\/uploads\/sites\/6\/2014\/06\/Testino_redo_1.jpg?w=500&amp;ssl=1 500w, https:\/\/i0.wp.com\/agrund.com\/wp-content\/uploads\/sites\/6\/2014\/06\/Testino_redo_1.jpg?resize=300%2C202&amp;ssl=1 300w\" sizes=\"(max-width: 500px) 100vw, 500px\" data-recalc-dims=\"1\" \/><\/a><p id=\"caption-attachment-104981\" class=\"wp-caption-text\">Mario Testino traz &#8220;In Your Face&#8221; para SP<\/p><\/div>\n<p>&nbsp;<\/p>\n<p>Imagens: Reprodu\u00e7\u00e3o.<\/p>\n","protected":false},"excerpt":{"rendered":"<p>O top fot\u00f3grafo peruano Mario Testino traz a exposi\u00e7\u00e3o &#8220;In Your Face&#8221; para SP depois do lan\u00e7amento em Boston e uma temporada em Buenos Aires. A mostra ir\u00e1 ocupar a FAAP em agosto com 122 cliques de Mario que mostram o estio dele de fazer foto. E para abrir a exposi\u00e7\u00e3o em grande estilo, o [&hellip;]<\/p>\n","protected":false},"author":8,"featured_media":104982,"comment_status":"open","ping_status":"open","sticky":false,"template":"","format":"standard","meta":{"jetpack_post_was_ever_published":false,"_jetpack_newsletter_access":"","jetpack_publicize_message":"","jetpack_is_tweetstorm":false,"jetpack_publicize_feature_enabled":true,"jetpack_social_post_already_shared":true,"jetpack_social_options":{"image_generator_settings":{"template":"highway","enabled":false}}},"categories":[2],"tags":[],"jetpack_publicize_connections":[],"jetpack_featured_media_url":"https:\/\/i0.wp.com\/agrund.com\/wp-content\/uploads\/sites\/6\/2014\/06\/slide66.jpg?fit=960%2C300&ssl=1","jetpack_sharing_enabled":true,"jetpack_shortlink":"https:\/\/wp.me\/p3Hz0n-rje","jetpack_likes_enabled":true,"_links":{"self":[{"href":"https:\/\/agrund.com\/index.php\/wp-json\/wp\/v2\/posts\/104980"}],"collection":[{"href":"https:\/\/agrund.com\/index.php\/wp-json\/wp\/v2\/posts"}],"about":[{"href":"https:\/\/agrund.com\/index.php\/wp-json\/wp\/v2\/types\/post"}],"author":[{"embeddable":true,"href":"https:\/\/agrund.com\/index.php\/wp-json\/wp\/v2\/users\/8"}],"replies":[{"embeddable":true,"href":"https:\/\/agrund.com\/index.php\/wp-json\/wp\/v2\/comments?post=104980"}],"version-history":[{"count":0,"href":"https:\/\/agrund.com\/index.php\/wp-json\/wp\/v2\/posts\/104980\/revisions"}],"wp:featuredmedia":[{"embeddable":true,"href":"https:\/\/agrund.com\/index.php\/wp-json\/wp\/v2\/media\/104982"}],"wp:attachment":[{"href":"https:\/\/agrund.com\/index.php\/wp-json\/wp\/v2\/media?parent=104980"}],"wp:term":[{"taxonomy":"category","embeddable":true,"href":"https:\/\/agrund.com\/index.php\/wp-json\/wp\/v2\/categories?post=104980"},{"taxonomy":"post_tag","embeddable":true,"href":"https:\/\/agrund.com\/index.php\/wp-json\/wp\/v2\/tags?post=104980"}],"curies":[{"name":"wp","href":"https:\/\/api.w.org\/{rel}","templated":true}]}}