{"id":104580,"date":"2014-06-06T13:00:48","date_gmt":"2014-06-06T16:00:48","guid":{"rendered":"http:\/\/www.agrund.com\/?p=104580"},"modified":"2014-06-06T14:45:21","modified_gmt":"2014-06-06T17:45:21","slug":"v-e-karl-lagerfel-juntos-em-concurso","status":"publish","type":"post","link":"https:\/\/agrund.com\/index.php\/v-e-karl-lagerfel-juntos-em-concurso\/","title":{"rendered":"&#8220;V&#8221; e Karl Lagerfeld juntos em concurso"},"content":{"rendered":"<p>J\u00e1 pensou ganhar um contrato como modelo e ainda ser capa da revista &#8220;V&#8221;? Essa \u00e9 a proposta da publica\u00e7\u00e3o, que acaba de lan\u00e7ar um concurso para meninas do mundo todo que sonham em ser modelos profissionais. E o pontap\u00e9 inicial da carreira da estreante ser\u00e1 dado por ningu\u00e9m menos que Karl Lagerfeld, respons\u00e1vel por fotografar a edi\u00e7\u00e3o da &#8220;V&#8221; com a vencedora.<\/p>\n<p>Quer mais? A garota de quebra tamb\u00e9m far\u00e1 parte do casting de um dos desfiles da Chanel e da Fendi! Corra, as inscri\u00e7\u00f5es j\u00e1 est\u00e3o abertas no site da revista.<\/p>\n<div id=\"attachment_104581\" style=\"width: 510px\" class=\"wp-caption aligncenter\"><a href=\"https:\/\/i0.wp.com\/www.agrund.com\/wp-content\/uploads\/sites\/6\/2014\/06\/RTX119U2.jpg\"><img aria-describedby=\"caption-attachment-104581\" data-attachment-id=\"104581\" data-permalink=\"https:\/\/agrund.com\/index.php\/v-e-karl-lagerfel-juntos-em-concurso\/rtx119u2\/\" data-orig-file=\"https:\/\/i0.wp.com\/agrund.com\/wp-content\/uploads\/sites\/6\/2014\/06\/RTX119U2.jpg?fit=500%2C418&amp;ssl=1\" data-orig-size=\"500,418\" data-comments-opened=\"1\" data-image-meta=\"{&quot;aperture&quot;:&quot;0&quot;,&quot;credit&quot;:&quot;&quot;,&quot;camera&quot;:&quot;&quot;,&quot;caption&quot;:&quot;&quot;,&quot;created_timestamp&quot;:&quot;0&quot;,&quot;copyright&quot;:&quot;&quot;,&quot;focal_length&quot;:&quot;0&quot;,&quot;iso&quot;:&quot;0&quot;,&quot;shutter_speed&quot;:&quot;0&quot;,&quot;title&quot;:&quot;&quot;,&quot;orientation&quot;:&quot;0&quot;}\" data-image-title=\"&#8220;V&#8221; e Karl Lagerfel juntos em concurso   \" data-image-description=\"\" data-image-caption=\"&lt;p&gt;&#8220;V&#8221; e Karl Lagerfel juntos em concurso   &lt;\/p&gt;\n\" data-medium-file=\"https:\/\/i0.wp.com\/agrund.com\/wp-content\/uploads\/sites\/6\/2014\/06\/RTX119U2.jpg?fit=300%2C251&amp;ssl=1\" data-large-file=\"https:\/\/i0.wp.com\/agrund.com\/wp-content\/uploads\/sites\/6\/2014\/06\/RTX119U2.jpg?fit=500%2C418&amp;ssl=1\" decoding=\"async\" loading=\"lazy\" class=\"size-full wp-image-104581\" alt=\"&quot;V&quot; e Karl Lagerfel juntos em concurso   \" src=\"https:\/\/i0.wp.com\/www.agrund.com\/wp-content\/uploads\/sites\/6\/2014\/06\/RTX119U2.jpg?resize=500%2C418\" width=\"500\" height=\"418\" srcset=\"https:\/\/i0.wp.com\/agrund.com\/wp-content\/uploads\/sites\/6\/2014\/06\/RTX119U2.jpg?w=500&amp;ssl=1 500w, https:\/\/i0.wp.com\/agrund.com\/wp-content\/uploads\/sites\/6\/2014\/06\/RTX119U2.jpg?resize=300%2C251&amp;ssl=1 300w\" sizes=\"(max-width: 500px) 100vw, 500px\" data-recalc-dims=\"1\" \/><\/a><p id=\"caption-attachment-104581\" class=\"wp-caption-text\">&#8220;V&#8221; e Karl Lagerfeld juntos em concurso<\/p><\/div>\n<p>Imagens: Reprodu\u00e7\u00e3o.<\/p>\n","protected":false},"excerpt":{"rendered":"<p>J\u00e1 pensou ganhar um contrato como modelo e ainda ser capa da revista &#8220;V&#8221;? Essa \u00e9 a proposta da publica\u00e7\u00e3o, que acaba de lan\u00e7ar um concurso para meninas do mundo todo que sonham em ser modelos profissionais. E o pontap\u00e9 inicial da carreira da estreante ser\u00e1 dado por ningu\u00e9m menos que Karl Lagerfeld, respons\u00e1vel por [&hellip;]<\/p>\n","protected":false},"author":8,"featured_media":104582,"comment_status":"open","ping_status":"open","sticky":false,"template":"","format":"standard","meta":{"jetpack_post_was_ever_published":false,"_jetpack_newsletter_access":"","jetpack_publicize_message":"","jetpack_is_tweetstorm":false,"jetpack_publicize_feature_enabled":true,"jetpack_social_post_already_shared":true,"jetpack_social_options":{"image_generator_settings":{"template":"highway","enabled":false}}},"categories":[2],"tags":[],"jetpack_publicize_connections":[],"jetpack_featured_media_url":"https:\/\/i0.wp.com\/agrund.com\/wp-content\/uploads\/sites\/6\/2014\/06\/slide30.jpg?fit=960%2C300&ssl=1","jetpack_sharing_enabled":true,"jetpack_shortlink":"https:\/\/wp.me\/p3Hz0n-rcM","jetpack_likes_enabled":true,"_links":{"self":[{"href":"https:\/\/agrund.com\/index.php\/wp-json\/wp\/v2\/posts\/104580"}],"collection":[{"href":"https:\/\/agrund.com\/index.php\/wp-json\/wp\/v2\/posts"}],"about":[{"href":"https:\/\/agrund.com\/index.php\/wp-json\/wp\/v2\/types\/post"}],"author":[{"embeddable":true,"href":"https:\/\/agrund.com\/index.php\/wp-json\/wp\/v2\/users\/8"}],"replies":[{"embeddable":true,"href":"https:\/\/agrund.com\/index.php\/wp-json\/wp\/v2\/comments?post=104580"}],"version-history":[{"count":0,"href":"https:\/\/agrund.com\/index.php\/wp-json\/wp\/v2\/posts\/104580\/revisions"}],"wp:featuredmedia":[{"embeddable":true,"href":"https:\/\/agrund.com\/index.php\/wp-json\/wp\/v2\/media\/104582"}],"wp:attachment":[{"href":"https:\/\/agrund.com\/index.php\/wp-json\/wp\/v2\/media?parent=104580"}],"wp:term":[{"taxonomy":"category","embeddable":true,"href":"https:\/\/agrund.com\/index.php\/wp-json\/wp\/v2\/categories?post=104580"},{"taxonomy":"post_tag","embeddable":true,"href":"https:\/\/agrund.com\/index.php\/wp-json\/wp\/v2\/tags?post=104580"}],"curies":[{"name":"wp","href":"https:\/\/api.w.org\/{rel}","templated":true}]}}