{"id":10444,"date":"2011-05-23T15:14:36","date_gmt":"2011-05-23T18:14:36","guid":{"rendered":"http:\/\/www.agrund.com\/blogs\/notas\/?p=10444"},"modified":"2011-05-23T15:14:36","modified_gmt":"2011-05-23T18:14:36","slug":"manequins-artisticos","status":"publish","type":"post","link":"https:\/\/agrund.com\/index.php\/manequins-artisticos\/","title":{"rendered":"Manequins Art\u00edsticos"},"content":{"rendered":"<p>Quem trabalha com moda, \u00e9 estudante na \u00e1rea ou de alguma maneira conhece mesmo que de vista um manequim est\u00e1 acostumado com aqueles bustos simples, que auxiliam na elabora\u00e7\u00e3o de uma pe\u00e7a de roupa. Agora,na m\u00e3o do diretor de arte franc\u00eas Emmanuel Bossuet eles viraram verdadeiras esculturas ou pe\u00e7a de decora\u00e7\u00e3o.<\/p>\n<p>O projeto \u00e9 realizado em parceria com a Stockman em edi\u00e7\u00e3o limitada a apenas 10 exemplares de cada modelo sendo que os tr\u00eas modelos originais est\u00e3o em exposi\u00e7\u00e3o na loja Bom Marche, em Paris.<\/p>\n<p>Para mais informa\u00e7\u00f5es acesse os sites<a href=\"http:\/\/www.the-eem.com\"> The-EEM<\/a> e <a href=\"http:\/\/www.siegelstockman.com\">SiegelStockman.<\/a><\/p>\n<p style=\"text-align: center\"><img decoding=\"async\" loading=\"lazy\" class=\"aligncenter size-full wp-image-10445\" src=\"https:\/\/i0.wp.com\/www.agrund.com\/arquivo\/notas\/files\/2011\/05\/127.jpg?resize=467%2C356\" alt=\"\" width=\"467\" height=\"356\" data-recalc-dims=\"1\" \/><img decoding=\"async\" loading=\"lazy\" class=\"aligncenter size-full wp-image-10446\" src=\"https:\/\/i0.wp.com\/www.agrund.com\/arquivo\/notas\/files\/2011\/05\/223.jpg?resize=467%2C706\" alt=\"\" width=\"467\" height=\"706\" data-recalc-dims=\"1\" \/><img decoding=\"async\" loading=\"lazy\" class=\"aligncenter size-full wp-image-10447\" src=\"https:\/\/i0.wp.com\/www.agrund.com\/arquivo\/notas\/files\/2011\/05\/314.jpg?resize=467%2C706\" alt=\"\" width=\"467\" height=\"706\" data-recalc-dims=\"1\" \/><a href=\"https:\/\/i0.wp.com\/www.agrund.com\/files\/2011\/05\/410.jpg\"><img decoding=\"async\" loading=\"lazy\" class=\"aligncenter size-full wp-image-10448\" src=\"https:\/\/i0.wp.com\/www.agrund.com\/arquivo\/notas\/files\/2011\/05\/410.jpg?resize=467%2C705\" alt=\"\" width=\"467\" height=\"705\" data-recalc-dims=\"1\" \/><\/a><\/p>\n","protected":false},"excerpt":{"rendered":"<p>Quem trabalha com moda, \u00e9 estudante na \u00e1rea ou de alguma maneira conhece mesmo que de vista um manequim est\u00e1 acostumado com aqueles bustos simples, que auxiliam na elabora\u00e7\u00e3o de uma pe\u00e7a de roupa. Agora,na m\u00e3o do diretor de arte franc\u00eas Emmanuel Bossuet eles viraram verdadeiras esculturas ou pe\u00e7a de decora\u00e7\u00e3o. O projeto \u00e9 realizado [&hellip;]<\/p>\n","protected":false},"author":8,"featured_media":10445,"comment_status":"open","ping_status":"open","sticky":false,"template":"","format":"standard","meta":{"jetpack_post_was_ever_published":false,"_jetpack_newsletter_access":"","jetpack_publicize_message":"","jetpack_is_tweetstorm":false,"jetpack_publicize_feature_enabled":true,"jetpack_social_post_already_shared":false,"jetpack_social_options":{"image_generator_settings":{"template":"highway","enabled":false}}},"categories":[2],"tags":[],"jetpack_publicize_connections":[],"jetpack_featured_media_url":"","jetpack_sharing_enabled":true,"jetpack_shortlink":"https:\/\/wp.me\/p3Hz0n-2Is","jetpack_likes_enabled":true,"_links":{"self":[{"href":"https:\/\/agrund.com\/index.php\/wp-json\/wp\/v2\/posts\/10444"}],"collection":[{"href":"https:\/\/agrund.com\/index.php\/wp-json\/wp\/v2\/posts"}],"about":[{"href":"https:\/\/agrund.com\/index.php\/wp-json\/wp\/v2\/types\/post"}],"author":[{"embeddable":true,"href":"https:\/\/agrund.com\/index.php\/wp-json\/wp\/v2\/users\/8"}],"replies":[{"embeddable":true,"href":"https:\/\/agrund.com\/index.php\/wp-json\/wp\/v2\/comments?post=10444"}],"version-history":[{"count":0,"href":"https:\/\/agrund.com\/index.php\/wp-json\/wp\/v2\/posts\/10444\/revisions"}],"wp:featuredmedia":[{"embeddable":true,"href":"https:\/\/agrund.com\/index.php\/wp-json\/"}],"wp:attachment":[{"href":"https:\/\/agrund.com\/index.php\/wp-json\/wp\/v2\/media?parent=10444"}],"wp:term":[{"taxonomy":"category","embeddable":true,"href":"https:\/\/agrund.com\/index.php\/wp-json\/wp\/v2\/categories?post=10444"},{"taxonomy":"post_tag","embeddable":true,"href":"https:\/\/agrund.com\/index.php\/wp-json\/wp\/v2\/tags?post=10444"}],"curies":[{"name":"wp","href":"https:\/\/api.w.org\/{rel}","templated":true}]}}