{"id":103762,"date":"2014-05-23T12:00:55","date_gmt":"2014-05-23T15:00:55","guid":{"rendered":"http:\/\/www.agrund.com\/?p=103762"},"modified":"2014-05-23T11:39:45","modified_gmt":"2014-05-23T14:39:45","slug":"gisele-bundchen-e-o-novo-rosto-do-chanel-no-5","status":"publish","type":"post","link":"https:\/\/agrund.com\/index.php\/gisele-bundchen-e-o-novo-rosto-do-chanel-no-5\/","title":{"rendered":"Gisele B\u00fcndchen \u00e9 o novo rosto do Chanel No.5"},"content":{"rendered":"<p>A Chanel escolheu ningu\u00e9m menos que Gisele B\u00fcndchen como nova garota-propaganda da campanha do perfume No.5 em v\u00eddeo dirigido por Baz Luhrmann, respons\u00e1vel por longas como &#8220;Moulin Rouge!&#8221; e &#8220;O Grande Gatsby&#8221;. Os dois j\u00e1 gravaram cenas para a fragr\u00e2ncia nos Hamptons e ainda h\u00e1 chances da produ\u00e7\u00e3o continuar em NY antes do resultado final, programado para estrear na m\u00eddia no fim desse ano.<\/p>\n<p>E vale lembrar que a dupla n\u00e3o \u00e9 estranha para a grife: o diretor ficou \u00e0 frente da campanha do No.5 em 2004 junto \u00e0 Nicole Kidman enquanto que a top foi rosto da linha Les Beiges (reveja <a href=\"http:\/\/www.agrund.com\/gisele-bundchen-divulga-imagem-de-sua-nova-campanha-para-a-chanel\/\" target=\"_blank\">AQUI<\/a>). Parece que a Chanel gostou mesmo das parcerias!<\/p>\n<div id=\"attachment_103763\" style=\"width: 560px\" class=\"wp-caption aligncenter\"><a href=\"https:\/\/i0.wp.com\/www.agrund.com\/wp-content\/uploads\/sites\/6\/2014\/05\/2-Gisele-Bundchen-novo-rosto-da-Chanel.jpg\"><img aria-describedby=\"caption-attachment-103763\" data-attachment-id=\"103763\" data-permalink=\"https:\/\/agrund.com\/index.php\/gisele-bundchen-e-o-novo-rosto-do-chanel-no-5\/2-gisele-bundchen-novo-rosto-da-chanel\/\" data-orig-file=\"https:\/\/i0.wp.com\/agrund.com\/wp-content\/uploads\/sites\/6\/2014\/05\/2-Gisele-Bundchen-novo-rosto-da-Chanel.jpg?fit=550%2C364&amp;ssl=1\" data-orig-size=\"550,364\" data-comments-opened=\"1\" data-image-meta=\"{&quot;aperture&quot;:&quot;0&quot;,&quot;credit&quot;:&quot;&quot;,&quot;camera&quot;:&quot;&quot;,&quot;caption&quot;:&quot;&quot;,&quot;created_timestamp&quot;:&quot;0&quot;,&quot;copyright&quot;:&quot;&quot;,&quot;focal_length&quot;:&quot;0&quot;,&quot;iso&quot;:&quot;0&quot;,&quot;shutter_speed&quot;:&quot;0&quot;,&quot;title&quot;:&quot;&quot;,&quot;orientation&quot;:&quot;0&quot;}\" data-image-title=\"Gisele B\u00fcndchen \u00e9 o novo rosto do Chanel No.5 \" data-image-description=\"\" data-image-caption=\"\" data-medium-file=\"https:\/\/i0.wp.com\/agrund.com\/wp-content\/uploads\/sites\/6\/2014\/05\/2-Gisele-Bundchen-novo-rosto-da-Chanel.jpg?fit=300%2C199&amp;ssl=1\" data-large-file=\"https:\/\/i0.wp.com\/agrund.com\/wp-content\/uploads\/sites\/6\/2014\/05\/2-Gisele-Bundchen-novo-rosto-da-Chanel.jpg?fit=550%2C364&amp;ssl=1\" decoding=\"async\" loading=\"lazy\" class=\"size-full wp-image-103763\" alt=\"Gisele B\u00fcndchen \u00e9 o novo rosto do Chanel No.5 \" src=\"https:\/\/i0.wp.com\/www.agrund.com\/wp-content\/uploads\/sites\/6\/2014\/05\/2-Gisele-Bundchen-novo-rosto-da-Chanel.jpg?resize=550%2C364\" width=\"550\" height=\"364\" srcset=\"https:\/\/i0.wp.com\/agrund.com\/wp-content\/uploads\/sites\/6\/2014\/05\/2-Gisele-Bundchen-novo-rosto-da-Chanel.jpg?w=550&amp;ssl=1 550w, https:\/\/i0.wp.com\/agrund.com\/wp-content\/uploads\/sites\/6\/2014\/05\/2-Gisele-Bundchen-novo-rosto-da-Chanel.jpg?resize=300%2C199&amp;ssl=1 300w\" sizes=\"(max-width: 550px) 100vw, 550px\" data-recalc-dims=\"1\" \/><\/a><p id=\"caption-attachment-103763\" class=\"wp-caption-text\">Gisele B\u00fcndchen \u00e9 o novo rosto do Chanel No.5<\/p><\/div>\n<p>&nbsp;<\/p>\n<p>Imagem: Reprodu\u00e7\u00e3o.<\/p>\n","protected":false},"excerpt":{"rendered":"<p>A Chanel escolheu ningu\u00e9m menos que Gisele B\u00fcndchen como nova garota-propaganda da campanha do perfume No.5 em v\u00eddeo dirigido por Baz Luhrmann, respons\u00e1vel por longas como &#8220;Moulin Rouge!&#8221; e &#8220;O Grande Gatsby&#8221;. Os dois j\u00e1 gravaram cenas para a fragr\u00e2ncia nos Hamptons e ainda h\u00e1 chances da produ\u00e7\u00e3o continuar em NY antes do resultado final, [&hellip;]<\/p>\n","protected":false},"author":8,"featured_media":103764,"comment_status":"open","ping_status":"open","sticky":false,"template":"","format":"standard","meta":{"jetpack_post_was_ever_published":false,"_jetpack_newsletter_access":"","jetpack_publicize_message":"","jetpack_is_tweetstorm":false,"jetpack_publicize_feature_enabled":true,"jetpack_social_post_already_shared":true,"jetpack_social_options":{"image_generator_settings":{"template":"highway","enabled":false}}},"categories":[2],"tags":[],"jetpack_publicize_connections":[],"jetpack_featured_media_url":"https:\/\/i0.wp.com\/agrund.com\/wp-content\/uploads\/sites\/6\/2014\/05\/slide113.jpg?fit=960%2C300&ssl=1","jetpack_sharing_enabled":true,"jetpack_shortlink":"https:\/\/wp.me\/p3Hz0n-qZA","jetpack_likes_enabled":true,"_links":{"self":[{"href":"https:\/\/agrund.com\/index.php\/wp-json\/wp\/v2\/posts\/103762"}],"collection":[{"href":"https:\/\/agrund.com\/index.php\/wp-json\/wp\/v2\/posts"}],"about":[{"href":"https:\/\/agrund.com\/index.php\/wp-json\/wp\/v2\/types\/post"}],"author":[{"embeddable":true,"href":"https:\/\/agrund.com\/index.php\/wp-json\/wp\/v2\/users\/8"}],"replies":[{"embeddable":true,"href":"https:\/\/agrund.com\/index.php\/wp-json\/wp\/v2\/comments?post=103762"}],"version-history":[{"count":0,"href":"https:\/\/agrund.com\/index.php\/wp-json\/wp\/v2\/posts\/103762\/revisions"}],"wp:featuredmedia":[{"embeddable":true,"href":"https:\/\/agrund.com\/index.php\/wp-json\/wp\/v2\/media\/103764"}],"wp:attachment":[{"href":"https:\/\/agrund.com\/index.php\/wp-json\/wp\/v2\/media?parent=103762"}],"wp:term":[{"taxonomy":"category","embeddable":true,"href":"https:\/\/agrund.com\/index.php\/wp-json\/wp\/v2\/categories?post=103762"},{"taxonomy":"post_tag","embeddable":true,"href":"https:\/\/agrund.com\/index.php\/wp-json\/wp\/v2\/tags?post=103762"}],"curies":[{"name":"wp","href":"https:\/\/api.w.org\/{rel}","templated":true}]}}