{"id":10255,"date":"2011-05-19T11:22:37","date_gmt":"2011-05-19T14:22:37","guid":{"rendered":"http:\/\/www.agrund.com\/blogs\/notas\/?p=10255"},"modified":"2011-05-19T11:22:37","modified_gmt":"2011-05-19T14:22:37","slug":"zsa-zsa-gabor-entra-em-coma","status":"publish","type":"post","link":"https:\/\/agrund.com\/index.php\/zsa-zsa-gabor-entra-em-coma\/","title":{"rendered":"Zsa Zsa Gabor entra em coma"},"content":{"rendered":"<p>A ic\u00f4nica atriz de 94 anos foi levada \u00e0s pressas para um hospital em Los Angeles para uma cirurgia de est\u00f4mago de emerg\u00eancia na ter\u00e7a-feira (17.05.11) , e acabou caindo inconsciente na madrugada de ontem (18.05.11).<br \/>\n&#8220;Ela teve que fazer uma cirurgia de emerg\u00eancia depois de um sangramento no est\u00f4mago devido a um tubo de alimenta\u00e7\u00e3o\u201d, confirmou John, porta-voz de seu marido, o pr\u00edncipe Frederic Von Anhalt.<\/p>\n<p>Zsa Zsa j\u00e1 vinha tendo uma s\u00e9rie de problemas de sa\u00fade e \u00a0recentemente recusou em fazer uma opera\u00e7\u00e3o para amputar a perna esquerda por complica\u00e7\u00f5es devido a uma infec\u00e7\u00e3o, deixando-a apenas com 50\/50 de chances de sobreviver por mais um ano.<\/p>\n<p>&#8220;Outra grande opera\u00e7\u00e3o \u00e9 um grande risco para uma mulher de 94 anos com press\u00e3o arterial elevada. N\u00f3s n\u00e3o esperamos que ela melhore. Ela vai ficar na cama para o resto de sua vida\u201d, disse o marido da atriz.<\/p>\n<p>For\u00e7a Zsa Zsa!<\/p>\n<p style=\"text-align: center\"><img decoding=\"async\" loading=\"lazy\" class=\"aligncenter size-full wp-image-10256\" src=\"https:\/\/i0.wp.com\/www.agrund.com\/arquivo\/notas\/files\/2011\/05\/zsa-zsa-gabor.jpg?resize=419%2C315\" alt=\"\" width=\"419\" height=\"315\" data-recalc-dims=\"1\" \/><\/p>\n<p style=\"text-align: center\"><img decoding=\"async\" loading=\"lazy\" class=\"aligncenter size-full wp-image-10257\" src=\"https:\/\/i0.wp.com\/www.agrund.com\/arquivo\/notas\/files\/2011\/05\/Zsa-Zsa-Gabor-Black-and-White-Photo.jpg?resize=312%2C400\" alt=\"\" width=\"312\" height=\"400\" data-recalc-dims=\"1\" \/><\/p>\n","protected":false},"excerpt":{"rendered":"<p>A ic\u00f4nica atriz de 94 anos foi levada \u00e0s pressas para um hospital em Los Angeles para uma cirurgia de est\u00f4mago de emerg\u00eancia na ter\u00e7a-feira (17.05.11) , e acabou caindo inconsciente na madrugada de ontem (18.05.11). &#8220;Ela teve que fazer uma cirurgia de emerg\u00eancia depois de um sangramento no est\u00f4mago devido a um tubo de [&hellip;]<\/p>\n","protected":false},"author":8,"featured_media":10256,"comment_status":"open","ping_status":"open","sticky":false,"template":"","format":"standard","meta":{"jetpack_post_was_ever_published":false,"_jetpack_newsletter_access":"","jetpack_publicize_message":"","jetpack_is_tweetstorm":false,"jetpack_publicize_feature_enabled":true,"jetpack_social_post_already_shared":false,"jetpack_social_options":{"image_generator_settings":{"template":"highway","enabled":false}}},"categories":[2],"tags":[],"jetpack_publicize_connections":[],"jetpack_featured_media_url":"","jetpack_sharing_enabled":true,"jetpack_shortlink":"https:\/\/wp.me\/p3Hz0n-2Fp","jetpack_likes_enabled":true,"_links":{"self":[{"href":"https:\/\/agrund.com\/index.php\/wp-json\/wp\/v2\/posts\/10255"}],"collection":[{"href":"https:\/\/agrund.com\/index.php\/wp-json\/wp\/v2\/posts"}],"about":[{"href":"https:\/\/agrund.com\/index.php\/wp-json\/wp\/v2\/types\/post"}],"author":[{"embeddable":true,"href":"https:\/\/agrund.com\/index.php\/wp-json\/wp\/v2\/users\/8"}],"replies":[{"embeddable":true,"href":"https:\/\/agrund.com\/index.php\/wp-json\/wp\/v2\/comments?post=10255"}],"version-history":[{"count":0,"href":"https:\/\/agrund.com\/index.php\/wp-json\/wp\/v2\/posts\/10255\/revisions"}],"wp:featuredmedia":[{"embeddable":true,"href":"https:\/\/agrund.com\/index.php\/wp-json\/"}],"wp:attachment":[{"href":"https:\/\/agrund.com\/index.php\/wp-json\/wp\/v2\/media?parent=10255"}],"wp:term":[{"taxonomy":"category","embeddable":true,"href":"https:\/\/agrund.com\/index.php\/wp-json\/wp\/v2\/categories?post=10255"},{"taxonomy":"post_tag","embeddable":true,"href":"https:\/\/agrund.com\/index.php\/wp-json\/wp\/v2\/tags?post=10255"}],"curies":[{"name":"wp","href":"https:\/\/api.w.org\/{rel}","templated":true}]}}