{"id":102216,"date":"2014-04-25T16:00:13","date_gmt":"2014-04-25T19:00:13","guid":{"rendered":"http:\/\/www.agrund.com\/?p=102216"},"modified":"2014-04-25T14:42:19","modified_gmt":"2014-04-25T17:42:19","slug":"save-the-children-e-bulgari-juntas-em-acao-especial","status":"publish","type":"post","link":"https:\/\/agrund.com\/index.php\/save-the-children-e-bulgari-juntas-em-acao-especial\/","title":{"rendered":"Save The Children e Bulgari juntas em a\u00e7\u00e3o especial"},"content":{"rendered":"<p>A Bulgari deu in\u00edcio \u00e0 uma a\u00e7\u00e3o com o objetivo de arrecadar fundos para auxiliar os trabalhos da Save The Children, organiza\u00e7\u00e3o sem fins lucrativos que d\u00e1 suporte \u00e0 crian\u00e7as e suas fam\u00edlias em pa\u00edses de situa\u00e7\u00e3o emergencial e com altos \u00edndices de pobreza. Para tal, a marca lan\u00e7ou um linha especial com colar e anel em cer\u00e2mica e prata cuja parte do lucro obtido com a venda ser\u00e1 revertida para a ONG.<\/p>\n<p>Para completar, a Bulgari convidou um time de celebridades para estrelar a campanha de divulga\u00e7\u00e3o em fotos de Fabrizio Ferri, dentre elas Dita von Teese e Naomi Watts. Veja mais na galeria.<\/p>\n<div id=\"attachment_102220\" style=\"width: 560px\" class=\"wp-caption aligncenter\"><a href=\"https:\/\/i0.wp.com\/www.agrund.com\/wp-content\/uploads\/sites\/6\/2014\/04\/bulgari01.jpg\"><img aria-describedby=\"caption-attachment-102220\" data-attachment-id=\"102220\" data-permalink=\"https:\/\/agrund.com\/index.php\/save-the-children-e-bulgari-juntas-em-acao-especial\/bulgari01\/\" data-orig-file=\"https:\/\/i0.wp.com\/agrund.com\/wp-content\/uploads\/sites\/6\/2014\/04\/bulgari01.jpg?fit=550%2C400&amp;ssl=1\" data-orig-size=\"550,400\" data-comments-opened=\"1\" data-image-meta=\"{&quot;aperture&quot;:&quot;0&quot;,&quot;credit&quot;:&quot;&quot;,&quot;camera&quot;:&quot;&quot;,&quot;caption&quot;:&quot;&quot;,&quot;created_timestamp&quot;:&quot;0&quot;,&quot;copyright&quot;:&quot;&quot;,&quot;focal_length&quot;:&quot;0&quot;,&quot;iso&quot;:&quot;0&quot;,&quot;shutter_speed&quot;:&quot;0&quot;,&quot;title&quot;:&quot;&quot;,&quot;orientation&quot;:&quot;1&quot;}\" data-image-title=\"Save The Children e Bulgari juntas em a\u00e7\u00e3o especial\" data-image-description=\"\" data-image-caption=\"&lt;p&gt;Save The Children e Bulgari juntas em a\u00e7\u00e3o especial&lt;\/p&gt;\n\" data-medium-file=\"https:\/\/i0.wp.com\/agrund.com\/wp-content\/uploads\/sites\/6\/2014\/04\/bulgari01.jpg?fit=300%2C218&amp;ssl=1\" data-large-file=\"https:\/\/i0.wp.com\/agrund.com\/wp-content\/uploads\/sites\/6\/2014\/04\/bulgari01.jpg?fit=550%2C400&amp;ssl=1\" decoding=\"async\" loading=\"lazy\" class=\"size-full wp-image-102220\" alt=\"Save The Children e Bulgari juntas em a\u00e7\u00e3o especial\" src=\"https:\/\/i0.wp.com\/www.agrund.com\/wp-content\/uploads\/sites\/6\/2014\/04\/bulgari01.jpg?resize=550%2C400\" width=\"550\" height=\"400\" srcset=\"https:\/\/i0.wp.com\/agrund.com\/wp-content\/uploads\/sites\/6\/2014\/04\/bulgari01.jpg?w=550&amp;ssl=1 550w, https:\/\/i0.wp.com\/agrund.com\/wp-content\/uploads\/sites\/6\/2014\/04\/bulgari01.jpg?resize=300%2C218&amp;ssl=1 300w\" sizes=\"(max-width: 550px) 100vw, 550px\" data-recalc-dims=\"1\" \/><\/a><p id=\"caption-attachment-102220\" class=\"wp-caption-text\">Save The Children e Bulgari juntas em a\u00e7\u00e3o especial<\/p><\/div>\n<div id=\"attachment_102217\" style=\"width: 560px\" class=\"wp-caption aligncenter\"><a href=\"https:\/\/i0.wp.com\/www.agrund.com\/wp-content\/uploads\/sites\/6\/2014\/04\/Bulgari-pingente-anel-campanha-Save-the-Children.jpg\"><img aria-describedby=\"caption-attachment-102217\" data-attachment-id=\"102217\" data-permalink=\"https:\/\/agrund.com\/index.php\/save-the-children-e-bulgari-juntas-em-acao-especial\/bulgari-pingente-anel-campanha-save-the-children\/\" data-orig-file=\"https:\/\/i0.wp.com\/agrund.com\/wp-content\/uploads\/sites\/6\/2014\/04\/Bulgari-pingente-anel-campanha-Save-the-Children.jpg?fit=550%2C413&amp;ssl=1\" data-orig-size=\"550,413\" data-comments-opened=\"1\" data-image-meta=\"{&quot;aperture&quot;:&quot;0&quot;,&quot;credit&quot;:&quot;&quot;,&quot;camera&quot;:&quot;&quot;,&quot;caption&quot;:&quot;&quot;,&quot;created_timestamp&quot;:&quot;0&quot;,&quot;copyright&quot;:&quot;&quot;,&quot;focal_length&quot;:&quot;0&quot;,&quot;iso&quot;:&quot;0&quot;,&quot;shutter_speed&quot;:&quot;0&quot;,&quot;title&quot;:&quot;&quot;,&quot;orientation&quot;:&quot;1&quot;}\" data-image-title=\"Save The Children e Bulgari juntas em a\u00e7\u00e3o especial\" data-image-description=\"\" data-image-caption=\"&lt;p&gt;Save The Children e Bulgari juntas em a\u00e7\u00e3o especial&lt;\/p&gt;\n\" data-medium-file=\"https:\/\/i0.wp.com\/agrund.com\/wp-content\/uploads\/sites\/6\/2014\/04\/Bulgari-pingente-anel-campanha-Save-the-Children.jpg?fit=300%2C225&amp;ssl=1\" data-large-file=\"https:\/\/i0.wp.com\/agrund.com\/wp-content\/uploads\/sites\/6\/2014\/04\/Bulgari-pingente-anel-campanha-Save-the-Children.jpg?fit=550%2C413&amp;ssl=1\" decoding=\"async\" loading=\"lazy\" class=\"size-full wp-image-102217\" alt=\"Save The Children e Bulgari juntas em a\u00e7\u00e3o especial\" src=\"https:\/\/i0.wp.com\/www.agrund.com\/wp-content\/uploads\/sites\/6\/2014\/04\/Bulgari-pingente-anel-campanha-Save-the-Children.jpg?resize=550%2C413\" width=\"550\" height=\"413\" srcset=\"https:\/\/i0.wp.com\/agrund.com\/wp-content\/uploads\/sites\/6\/2014\/04\/Bulgari-pingente-anel-campanha-Save-the-Children.jpg?w=550&amp;ssl=1 550w, https:\/\/i0.wp.com\/agrund.com\/wp-content\/uploads\/sites\/6\/2014\/04\/Bulgari-pingente-anel-campanha-Save-the-Children.jpg?resize=300%2C225&amp;ssl=1 300w\" sizes=\"(max-width: 550px) 100vw, 550px\" data-recalc-dims=\"1\" \/><\/a><p id=\"caption-attachment-102217\" class=\"wp-caption-text\">Save The Children e Bulgari juntas em a\u00e7\u00e3o especial<\/p><\/div>\n<div id=\"attachment_102218\" style=\"width: 560px\" class=\"wp-caption aligncenter\"><a href=\"https:\/\/i0.wp.com\/www.agrund.com\/wp-content\/uploads\/sites\/6\/2014\/04\/article-0-1CE799FC00000578-173_634x727.jpg\"><img aria-describedby=\"caption-attachment-102218\" data-attachment-id=\"102218\" data-permalink=\"https:\/\/agrund.com\/index.php\/save-the-children-e-bulgari-juntas-em-acao-especial\/article-0-1ce799fc00000578-173_634x727\/\" data-orig-file=\"https:\/\/i0.wp.com\/agrund.com\/wp-content\/uploads\/sites\/6\/2014\/04\/article-0-1CE799FC00000578-173_634x727.jpg?fit=550%2C587&amp;ssl=1\" data-orig-size=\"550,587\" data-comments-opened=\"1\" data-image-meta=\"{&quot;aperture&quot;:&quot;0&quot;,&quot;credit&quot;:&quot;\\u00a9 Bvlgari&quot;,&quot;camera&quot;:&quot;&quot;,&quot;caption&quot;:&quot;&quot;,&quot;created_timestamp&quot;:&quot;0&quot;,&quot;copyright&quot;:&quot;&quot;,&quot;focal_length&quot;:&quot;0&quot;,&quot;iso&quot;:&quot;0&quot;,&quot;shutter_speed&quot;:&quot;0&quot;,&quot;title&quot;:&quot;&quot;,&quot;orientation&quot;:&quot;1&quot;}\" data-image-title=\"Save The Children e Bulgari juntas em a\u00e7\u00e3o especial\" data-image-description=\"\" data-image-caption=\"&lt;p&gt;Save The Children e Bulgari juntas em a\u00e7\u00e3o especial&lt;\/p&gt;\n\" data-medium-file=\"https:\/\/i0.wp.com\/agrund.com\/wp-content\/uploads\/sites\/6\/2014\/04\/article-0-1CE799FC00000578-173_634x727.jpg?fit=281%2C300&amp;ssl=1\" data-large-file=\"https:\/\/i0.wp.com\/agrund.com\/wp-content\/uploads\/sites\/6\/2014\/04\/article-0-1CE799FC00000578-173_634x727.jpg?fit=550%2C587&amp;ssl=1\" decoding=\"async\" loading=\"lazy\" class=\"size-full wp-image-102218\" alt=\"Save The Children e Bulgari juntas em a\u00e7\u00e3o especial\" src=\"https:\/\/i0.wp.com\/www.agrund.com\/wp-content\/uploads\/sites\/6\/2014\/04\/article-0-1CE799FC00000578-173_634x727.jpg?resize=550%2C587\" width=\"550\" height=\"587\" srcset=\"https:\/\/i0.wp.com\/agrund.com\/wp-content\/uploads\/sites\/6\/2014\/04\/article-0-1CE799FC00000578-173_634x727.jpg?w=550&amp;ssl=1 550w, https:\/\/i0.wp.com\/agrund.com\/wp-content\/uploads\/sites\/6\/2014\/04\/article-0-1CE799FC00000578-173_634x727.jpg?resize=281%2C300&amp;ssl=1 281w\" sizes=\"(max-width: 550px) 100vw, 550px\" data-recalc-dims=\"1\" \/><\/a><p id=\"caption-attachment-102218\" class=\"wp-caption-text\">Save The Children e Bulgari juntas em a\u00e7\u00e3o especial<\/p><\/div>\n<div id=\"attachment_102219\" style=\"width: 560px\" class=\"wp-caption aligncenter\"><a href=\"https:\/\/i0.wp.com\/www.agrund.com\/wp-content\/uploads\/sites\/6\/2014\/04\/article-0-1CE7991300000578-490_306x503.jpg\"><img aria-describedby=\"caption-attachment-102219\" data-attachment-id=\"102219\" data-permalink=\"https:\/\/agrund.com\/index.php\/save-the-children-e-bulgari-juntas-em-acao-especial\/article-0-1ce7991300000578-490_306x503\/\" data-orig-file=\"https:\/\/i0.wp.com\/agrund.com\/wp-content\/uploads\/sites\/6\/2014\/04\/article-0-1CE7991300000578-490_306x503.jpg?fit=550%2C841&amp;ssl=1\" data-orig-size=\"550,841\" data-comments-opened=\"1\" data-image-meta=\"{&quot;aperture&quot;:&quot;0&quot;,&quot;credit&quot;:&quot;\\u00a9 Bvlgari&quot;,&quot;camera&quot;:&quot;&quot;,&quot;caption&quot;:&quot;&quot;,&quot;created_timestamp&quot;:&quot;0&quot;,&quot;copyright&quot;:&quot;&quot;,&quot;focal_length&quot;:&quot;0&quot;,&quot;iso&quot;:&quot;0&quot;,&quot;shutter_speed&quot;:&quot;0&quot;,&quot;title&quot;:&quot;&quot;,&quot;orientation&quot;:&quot;1&quot;}\" data-image-title=\"Save The Children e Bulgari juntas em a\u00e7\u00e3o especial\" data-image-description=\"\" data-image-caption=\"&lt;p&gt;Save The Children e Bulgari juntas em a\u00e7\u00e3o especial&lt;\/p&gt;\n\" data-medium-file=\"https:\/\/i0.wp.com\/agrund.com\/wp-content\/uploads\/sites\/6\/2014\/04\/article-0-1CE7991300000578-490_306x503.jpg?fit=196%2C300&amp;ssl=1\" data-large-file=\"https:\/\/i0.wp.com\/agrund.com\/wp-content\/uploads\/sites\/6\/2014\/04\/article-0-1CE7991300000578-490_306x503.jpg?fit=550%2C841&amp;ssl=1\" decoding=\"async\" loading=\"lazy\" class=\"size-full wp-image-102219\" alt=\"Save The Children e Bulgari juntas em a\u00e7\u00e3o especial\" src=\"https:\/\/i0.wp.com\/www.agrund.com\/wp-content\/uploads\/sites\/6\/2014\/04\/article-0-1CE7991300000578-490_306x503.jpg?resize=550%2C841\" width=\"550\" height=\"841\" srcset=\"https:\/\/i0.wp.com\/agrund.com\/wp-content\/uploads\/sites\/6\/2014\/04\/article-0-1CE7991300000578-490_306x503.jpg?w=550&amp;ssl=1 550w, https:\/\/i0.wp.com\/agrund.com\/wp-content\/uploads\/sites\/6\/2014\/04\/article-0-1CE7991300000578-490_306x503.jpg?resize=196%2C300&amp;ssl=1 196w\" sizes=\"(max-width: 550px) 100vw, 550px\" data-recalc-dims=\"1\" \/><\/a><p id=\"caption-attachment-102219\" class=\"wp-caption-text\">Save The Children e Bulgari juntas em a\u00e7\u00e3o especial<\/p><\/div>\n<p>Imagens: Fabrizio Ferri\/Reprodu\u00e7\u00e3o.<\/p>\n<p>&nbsp;<\/p>\n<p>&nbsp;<\/p>\n<p>&nbsp;<\/p>\n","protected":false},"excerpt":{"rendered":"<p>A Bulgari deu in\u00edcio \u00e0 uma a\u00e7\u00e3o com o objetivo de arrecadar fundos para auxiliar os trabalhos da Save The Children, organiza\u00e7\u00e3o sem fins lucrativos que d\u00e1 suporte \u00e0 crian\u00e7as e suas fam\u00edlias em pa\u00edses de situa\u00e7\u00e3o emergencial e com altos \u00edndices de pobreza. Para tal, a marca lan\u00e7ou um linha especial com colar e [&hellip;]<\/p>\n","protected":false},"author":8,"featured_media":102221,"comment_status":"open","ping_status":"open","sticky":false,"template":"","format":"standard","meta":{"jetpack_post_was_ever_published":false,"_jetpack_newsletter_access":"","jetpack_publicize_message":"","jetpack_is_tweetstorm":false,"jetpack_publicize_feature_enabled":true,"jetpack_social_post_already_shared":false,"jetpack_social_options":{"image_generator_settings":{"template":"highway","enabled":false}}},"categories":[2],"tags":[],"jetpack_publicize_connections":[],"jetpack_featured_media_url":"https:\/\/i0.wp.com\/agrund.com\/wp-content\/uploads\/sites\/6\/2014\/04\/slidebu.jpg?fit=960%2C300&ssl=1","jetpack_sharing_enabled":true,"jetpack_shortlink":"https:\/\/wp.me\/p3Hz0n-qAE","jetpack_likes_enabled":true,"_links":{"self":[{"href":"https:\/\/agrund.com\/index.php\/wp-json\/wp\/v2\/posts\/102216"}],"collection":[{"href":"https:\/\/agrund.com\/index.php\/wp-json\/wp\/v2\/posts"}],"about":[{"href":"https:\/\/agrund.com\/index.php\/wp-json\/wp\/v2\/types\/post"}],"author":[{"embeddable":true,"href":"https:\/\/agrund.com\/index.php\/wp-json\/wp\/v2\/users\/8"}],"replies":[{"embeddable":true,"href":"https:\/\/agrund.com\/index.php\/wp-json\/wp\/v2\/comments?post=102216"}],"version-history":[{"count":0,"href":"https:\/\/agrund.com\/index.php\/wp-json\/wp\/v2\/posts\/102216\/revisions"}],"wp:featuredmedia":[{"embeddable":true,"href":"https:\/\/agrund.com\/index.php\/wp-json\/wp\/v2\/media\/102221"}],"wp:attachment":[{"href":"https:\/\/agrund.com\/index.php\/wp-json\/wp\/v2\/media?parent=102216"}],"wp:term":[{"taxonomy":"category","embeddable":true,"href":"https:\/\/agrund.com\/index.php\/wp-json\/wp\/v2\/categories?post=102216"},{"taxonomy":"post_tag","embeddable":true,"href":"https:\/\/agrund.com\/index.php\/wp-json\/wp\/v2\/tags?post=102216"}],"curies":[{"name":"wp","href":"https:\/\/api.w.org\/{rel}","templated":true}]}}