{"id":10035,"date":"2011-05-16T13:42:47","date_gmt":"2011-05-16T16:42:47","guid":{"rendered":"http:\/\/www.agrund.com\/blogs\/notas\/?p=10035"},"modified":"2011-05-16T13:42:47","modified_gmt":"2011-05-16T16:42:47","slug":"marc-jacobs-e-tema-de-nova-exposicao-em-paris","status":"publish","type":"post","link":"https:\/\/agrund.com\/index.php\/marc-jacobs-e-tema-de-nova-exposicao-em-paris\/","title":{"rendered":"Marc Jacobs \u00e9 tema de nova exposi\u00e7\u00e3o em Paris"},"content":{"rendered":"<p>O trabalho do designer na Louis Vuitton &#8211; onde \u00e9 diretor de cria\u00e7\u00e3o  desde 1997 &#8211; ser\u00e1 homenageado em uma exposi\u00e7\u00e3o no museu Les Arts  D\u00e9coratifs, em Paris, assim como os trabalhos do designer hom\u00f4nimo da  casa de moda francesa, que come\u00e7ou sua carreira como estilista de malas  em 1854.\u00a0 J\u00e1 estava na hora, n\u00e9?<\/p>\n<p>O curador do museu pretende apresentar dois diferentes per\u00edodos  da hist\u00f3ria da grife \u2013 da revolu\u00e7\u00e3o industrial do s\u00e9culo 19 at\u00e9 a  globaliza\u00e7\u00e3o da moda contempor\u00e2nea. A exposi\u00e7\u00e3o est\u00e1 prevista para o pr\u00f3ximo  ano.<\/p>\n<p>Marc continua muito orgulhoso com seu trabalho na marca e j\u00e1 disse que s\u00f3 vai colocar seu nome em coisas que ele  acredita de verdade.<\/p>\n<p>&#8220;Se n\u00f3s n\u00e3o acreditamos no que fazemos, ent\u00e3o \u00e9 como se tivesse  acabado. Enquanto fazemos as coisas com integridade e acreditamos nelas  apaixonadamente, eu acredito que h\u00e1 uma fonte de venda infinita. Seja um  chinelo de 11 d\u00f3lares ou um vestido de 2.000 d\u00f3lares, tudo \u00e9 feito com  integridade. Eles s\u00e3o todos feitos com um sentido de design.&#8221;<\/p>\n<p>J\u00e1 pode comprar a passagem pra ver a expo?<\/p>\n<p style=\"text-align: center\"><img decoding=\"async\" loading=\"lazy\" class=\"aligncenter size-full wp-image-10036\" src=\"https:\/\/i0.wp.com\/www.agrund.com\/arquivo\/notas\/files\/2011\/05\/1305561500-23-650x1000.jpg?resize=390%2C600\" alt=\"\" width=\"390\" height=\"600\" data-recalc-dims=\"1\" \/><\/p>\n","protected":false},"excerpt":{"rendered":"<p>O trabalho do designer na Louis Vuitton &#8211; onde \u00e9 diretor de cria\u00e7\u00e3o desde 1997 &#8211; ser\u00e1 homenageado em uma exposi\u00e7\u00e3o no museu Les Arts D\u00e9coratifs, em Paris, assim como os trabalhos do designer hom\u00f4nimo da casa de moda francesa, que come\u00e7ou sua carreira como estilista de malas em 1854.\u00a0 J\u00e1 estava na hora, n\u00e9? [&hellip;]<\/p>\n","protected":false},"author":8,"featured_media":10036,"comment_status":"open","ping_status":"open","sticky":false,"template":"","format":"standard","meta":{"jetpack_post_was_ever_published":false,"_jetpack_newsletter_access":"","jetpack_publicize_message":"","jetpack_is_tweetstorm":false,"jetpack_publicize_feature_enabled":true,"jetpack_social_post_already_shared":false,"jetpack_social_options":{"image_generator_settings":{"template":"highway","enabled":false}}},"categories":[2],"tags":[],"jetpack_publicize_connections":[],"jetpack_featured_media_url":"","jetpack_sharing_enabled":true,"jetpack_shortlink":"https:\/\/wp.me\/p3Hz0n-2BR","jetpack_likes_enabled":true,"_links":{"self":[{"href":"https:\/\/agrund.com\/index.php\/wp-json\/wp\/v2\/posts\/10035"}],"collection":[{"href":"https:\/\/agrund.com\/index.php\/wp-json\/wp\/v2\/posts"}],"about":[{"href":"https:\/\/agrund.com\/index.php\/wp-json\/wp\/v2\/types\/post"}],"author":[{"embeddable":true,"href":"https:\/\/agrund.com\/index.php\/wp-json\/wp\/v2\/users\/8"}],"replies":[{"embeddable":true,"href":"https:\/\/agrund.com\/index.php\/wp-json\/wp\/v2\/comments?post=10035"}],"version-history":[{"count":0,"href":"https:\/\/agrund.com\/index.php\/wp-json\/wp\/v2\/posts\/10035\/revisions"}],"wp:featuredmedia":[{"embeddable":true,"href":"https:\/\/agrund.com\/index.php\/wp-json\/"}],"wp:attachment":[{"href":"https:\/\/agrund.com\/index.php\/wp-json\/wp\/v2\/media?parent=10035"}],"wp:term":[{"taxonomy":"category","embeddable":true,"href":"https:\/\/agrund.com\/index.php\/wp-json\/wp\/v2\/categories?post=10035"},{"taxonomy":"post_tag","embeddable":true,"href":"https:\/\/agrund.com\/index.php\/wp-json\/wp\/v2\/tags?post=10035"}],"curies":[{"name":"wp","href":"https:\/\/api.w.org\/{rel}","templated":true}]}}