{"id":1002,"date":"2010-10-19T21:36:32","date_gmt":"2010-10-19T23:36:32","guid":{"rendered":"http:\/\/www.agrund.com\/blogs\/notas\/?p=1002"},"modified":"2010-10-19T21:36:32","modified_gmt":"2010-10-19T23:36:32","slug":"vitrines-paris-ii","status":"publish","type":"post","link":"https:\/\/agrund.com\/index.php\/vitrines-paris-ii\/","title":{"rendered":"Vitrines Paris II"},"content":{"rendered":"<p style=\"text-align: justify\"><span style=\"color: #493324\"><a><img decoding=\"async\" loading=\"lazy\" class=\"aligncenter size-full wp-image-1015\" title=\"destaque_post\" src=\"\/wp-content\/uploads\/2010\/10\/destaque_post.jpg\" alt=\"\" width=\"350\" height=\"212\" \/><\/a>Imposs\u00edvel n\u00e3o caminhar pelas ruas da Cidade Luz e mais ainda, n\u00e3o ficar hipnotizado com as vitrines. Goste ou n\u00e3o de moda o apelo comercial fala mais alto, como j\u00e1 vimos em Vitrine Paris I. Na Rue Grenelle, em Saint-Germain-des-Pr\u00e9s, por exemplo, v\u00e1rias delas est\u00e3o expostas e de maneiras as mais convidativas poss\u00edveis!<!--more--><\/span><\/p>\n<p style=\"text-align: justify\"><span style=\"color: #493324\">As manecas de Prada retratam a austeridade e o poder da marca! A marca apostou no look bem sixties. As it bags da vitrine s\u00e3o desejos de consumo de qualquer mulher.<\/span><\/p>\n<p style=\"text-align: justify\"><span style=\"color: #493324\"><img decoding=\"async\" loading=\"lazy\" class=\"aligncenter size-full wp-image-1003\" title=\"Prada1\" src=\"https:\/\/i0.wp.com\/www.agrund.com\/arquivo\/notas\/files\/2010\/10\/Prada1.jpg?resize=259%2C461\" alt=\"\" width=\"259\" height=\"461\" data-recalc-dims=\"1\" \/><\/span><\/p>\n<p style=\"text-align: justify\"><span style=\"color: #493324\"><img decoding=\"async\" loading=\"lazy\" class=\"aligncenter size-full wp-image-1004\" title=\"Prada2\" src=\"https:\/\/i0.wp.com\/www.agrund.com\/arquivo\/notas\/files\/2010\/10\/Prada2.jpg?resize=259%2C461\" alt=\"\" width=\"259\" height=\"461\" data-recalc-dims=\"1\" \/><\/span><\/p>\n<p style=\"text-align: justify\"><span style=\"color: #493324\"><img decoding=\"async\" loading=\"lazy\" class=\"aligncenter size-full wp-image-1005\" title=\"Prada3\" src=\"https:\/\/i0.wp.com\/www.agrund.com\/arquivo\/notas\/files\/2010\/10\/Prada3.jpg?resize=259%2C412\" alt=\"\" width=\"259\" height=\"412\" data-recalc-dims=\"1\" \/><\/span><\/p>\n<p style=\"text-align: justify\"><span style=\"color: #493324\">J\u00e1 JC de Castelbajac aposta na irrever\u00eancia e no mix de cores. Uma loja para os mais descolados, mas n\u00e3o menos endinheirados.<\/span><\/p>\n<p style=\"text-align: justify\"><span style=\"color: #493324\"><img decoding=\"async\" loading=\"lazy\" class=\"aligncenter size-full wp-image-1007\" title=\"jc_de_castelajac1\" src=\"\/wp-content\/uploads\/2010\/10\/jc_de_castelajac1.jpg\" alt=\"\" width=\"259\" height=\"461\" \/><\/span><\/p>\n<p style=\"text-align: justify\"><span style=\"color: #493324\"><img decoding=\"async\" loading=\"lazy\" class=\"aligncenter size-full wp-image-1006\" title=\"jc_de_castelajac\" src=\"\/wp-content\/uploads\/2010\/10\/jc_de_castelajac.jpg\" alt=\"\" width=\"259\" height=\"461\" \/><\/span><\/p>\n<p style=\"text-align: justify\"><span style=\"color: #493324\">No meio de tudo isso pode encontrar tamb\u00e9m alguns brech\u00f3s.<\/span><\/p>\n<p style=\"text-align: justify\"><span style=\"color: #493324\"><img decoding=\"async\" loading=\"lazy\" class=\"aligncenter size-full wp-image-1008\" title=\"Brecho1\" src=\"\/wp-content\/uploads\/2010\/10\/Brecho1.jpg\" alt=\"\" width=\"461\" height=\"259\" \/><\/span><\/p>\n<p style=\"text-align: justify\"><span style=\"color: #493324\"><img decoding=\"async\" loading=\"lazy\" class=\"aligncenter size-full wp-image-1009\" title=\"Brecho2\" src=\"\/wp-content\/uploads\/2010\/10\/Brecho2.jpg\" alt=\"\" width=\"259\" height=\"461\" \/><\/span><\/p>\n<p style=\"text-align: justify\"><span style=\"color: #493324\">Mas para se jogar mesmo numa loja vintage v\u00e1 para o Marais e corra para o Vintage Paris Bar! Incr\u00edvel.<\/span><\/p>\n<p style=\"text-align: justify\"><span style=\"color: #493324\"><img decoding=\"async\" loading=\"lazy\" class=\"aligncenter size-full wp-image-1010\" title=\"Vintage-Paris-Bar\" src=\"\/wp-content\/uploads\/2010\/10\/Vintage-Paris-Bar.jpg\" alt=\"\" width=\"539\" height=\"324\" \/><\/span><\/p>\n","protected":false},"excerpt":{"rendered":"<p>Imposs\u00edvel n\u00e3o caminhar pelas ruas da Cidade Luz e mais ainda, n\u00e3o ficar hipnotizado com as vitrines. Goste ou n\u00e3o de moda o apelo comercial fala mais alto, como j\u00e1 vimos em Vitrine Paris I. Na Rue Grenelle, em Saint-Germain-des-Pr\u00e9s, por exemplo, v\u00e1rias delas est\u00e3o expostas e de maneiras as mais convidativas poss\u00edveis!<\/p>\n","protected":false},"author":8,"featured_media":1015,"comment_status":"open","ping_status":"open","sticky":false,"template":"","format":"standard","meta":{"jetpack_post_was_ever_published":false,"_jetpack_newsletter_access":"","jetpack_publicize_message":"","jetpack_is_tweetstorm":false,"jetpack_publicize_feature_enabled":true,"jetpack_social_post_already_shared":false,"jetpack_social_options":{"image_generator_settings":{"template":"highway","enabled":false}}},"categories":[2],"tags":[],"jetpack_publicize_connections":[],"jetpack_featured_media_url":"","jetpack_sharing_enabled":true,"jetpack_shortlink":"https:\/\/wp.me\/p3Hz0n-ga","jetpack_likes_enabled":true,"_links":{"self":[{"href":"https:\/\/agrund.com\/index.php\/wp-json\/wp\/v2\/posts\/1002"}],"collection":[{"href":"https:\/\/agrund.com\/index.php\/wp-json\/wp\/v2\/posts"}],"about":[{"href":"https:\/\/agrund.com\/index.php\/wp-json\/wp\/v2\/types\/post"}],"author":[{"embeddable":true,"href":"https:\/\/agrund.com\/index.php\/wp-json\/wp\/v2\/users\/8"}],"replies":[{"embeddable":true,"href":"https:\/\/agrund.com\/index.php\/wp-json\/wp\/v2\/comments?post=1002"}],"version-history":[{"count":0,"href":"https:\/\/agrund.com\/index.php\/wp-json\/wp\/v2\/posts\/1002\/revisions"}],"wp:featuredmedia":[{"embeddable":true,"href":"https:\/\/agrund.com\/index.php\/wp-json\/"}],"wp:attachment":[{"href":"https:\/\/agrund.com\/index.php\/wp-json\/wp\/v2\/media?parent=1002"}],"wp:term":[{"taxonomy":"category","embeddable":true,"href":"https:\/\/agrund.com\/index.php\/wp-json\/wp\/v2\/categories?post=1002"},{"taxonomy":"post_tag","embeddable":true,"href":"https:\/\/agrund.com\/index.php\/wp-json\/wp\/v2\/tags?post=1002"}],"curies":[{"name":"wp","href":"https:\/\/api.w.org\/{rel}","templated":true}]}}