{"id":10002,"date":"2011-05-16T10:45:50","date_gmt":"2011-05-16T13:45:50","guid":{"rendered":"http:\/\/www.agrund.com\/blogs\/notas\/?p=10002"},"modified":"2011-05-16T10:45:50","modified_gmt":"2011-05-16T13:45:50","slug":"mtp-aysle-e-uma","status":"publish","type":"post","link":"https:\/\/agrund.com\/index.php\/mtp-aysle-e-uma\/","title":{"rendered":"MTP :: AYSLE E UMA"},"content":{"rendered":"<p><strong>Por <a href=\"http:\/\/www.fwlovers.com\/\">Alice Lopes<\/a><br \/>\nFotos <a href=\"http:\/\/www.gusluz.com.br\/\">Gustavo Luz<\/a><\/strong><\/p>\n<p>A  Aysle teve a miss\u00e3o de representar o cen\u00e1rio mineiro tanto em looks  femininos, como masculinos. E nada melhor do que croch\u00eas, shorts, saias  longas com fendas, brilhos, franjas, transpar\u00eancia comedida e  amarra\u00e7\u00f5es.<\/p>\n<p>Ao  som do violino tocado ao vivo, os modelos desfilam uma cartela de cores  que come\u00e7a no coral, passa pelos tons neutros at\u00e9 chegar ao branco. A  cal\u00e7a pantalona \u00e9 outra tend\u00eancia que marcou presen\u00e7a durante os tr\u00eas  dias de desfiles do Minas Trend e tamb\u00e9m, na passarela da Aysle.<\/p>\n<p style=\"text-align: center\"><img decoding=\"async\" loading=\"lazy\" class=\"aligncenter size-full wp-image-10007\" src=\"https:\/\/i0.wp.com\/www.agrund.com\/arquivo\/notas\/files\/2011\/05\/Aysle_GusLuz-5.jpg?resize=411%2C614\" alt=\"\" width=\"411\" height=\"614\" data-recalc-dims=\"1\" \/><img decoding=\"async\" loading=\"lazy\" class=\"aligncenter size-full wp-image-10006\" src=\"https:\/\/i0.wp.com\/www.agrund.com\/arquivo\/notas\/files\/2011\/05\/Aysle_GusLuz-4.jpg?resize=411%2C614\" alt=\"\" width=\"411\" height=\"614\" data-recalc-dims=\"1\" \/><img decoding=\"async\" loading=\"lazy\" class=\"aligncenter size-full wp-image-10005\" src=\"https:\/\/i0.wp.com\/www.agrund.com\/arquivo\/notas\/files\/2011\/05\/Aysle_GusLuz-3.jpg?resize=411%2C614\" alt=\"\" width=\"411\" height=\"614\" data-recalc-dims=\"1\" \/><img decoding=\"async\" loading=\"lazy\" class=\"aligncenter size-full wp-image-10004\" src=\"https:\/\/i0.wp.com\/www.agrund.com\/arquivo\/notas\/files\/2011\/05\/Aysle_GusLuz-2.jpg?resize=411%2C614\" alt=\"\" width=\"411\" height=\"614\" data-recalc-dims=\"1\" \/><\/p>\n<p style=\"text-align: center\"><img decoding=\"async\" loading=\"lazy\" class=\"aligncenter size-full wp-image-10003\" src=\"https:\/\/i0.wp.com\/www.agrund.com\/arquivo\/notas\/files\/2011\/05\/Aysle_GusLuz-1.jpg?resize=411%2C614\" alt=\"\" width=\"411\" height=\"614\" data-recalc-dims=\"1\" \/><\/p>\n<p>O  minimalismo, que foi hit nas passarelas do spfw, parece n\u00e3o estar nem  um pouco acanhado no ver\u00e3o mineiro. Na UMA, modelagens retas, mistura de  texturas e produ\u00e7\u00f5es monocrom\u00e1ticas ganham vivacidade com os tons de  verde e estampas xadrezes.<\/p>\n<p>As  listras em preto e branco ganham de vez a passarela da UMA e comp\u00f5e  looks jovens, modernos, com uma silhueta mais afastada do corpo, dando  um aspecto bem confort\u00e1vel.<\/p>\n<p style=\"text-align: center\"><img decoding=\"async\" loading=\"lazy\" class=\"aligncenter size-full wp-image-10012\" src=\"https:\/\/i0.wp.com\/www.agrund.com\/arquivo\/notas\/files\/2011\/05\/UMA_GusLuz-5.jpg?resize=411%2C614\" alt=\"\" width=\"411\" height=\"614\" data-recalc-dims=\"1\" \/><img decoding=\"async\" loading=\"lazy\" class=\"aligncenter size-full wp-image-10011\" src=\"https:\/\/i0.wp.com\/www.agrund.com\/arquivo\/notas\/files\/2011\/05\/UMA_GusLuz-4.jpg?resize=411%2C614\" alt=\"\" width=\"411\" height=\"614\" data-recalc-dims=\"1\" \/><img decoding=\"async\" loading=\"lazy\" class=\"aligncenter size-full wp-image-10010\" src=\"https:\/\/i0.wp.com\/www.agrund.com\/arquivo\/notas\/files\/2011\/05\/UMA_GusLuz-3.jpg?resize=411%2C614\" alt=\"\" width=\"411\" height=\"614\" data-recalc-dims=\"1\" \/><img decoding=\"async\" loading=\"lazy\" class=\"aligncenter size-full wp-image-10009\" src=\"https:\/\/i0.wp.com\/www.agrund.com\/arquivo\/notas\/files\/2011\/05\/UMA_GusLuz-2.jpg?resize=411%2C614\" alt=\"\" width=\"411\" height=\"614\" data-recalc-dims=\"1\" \/><img decoding=\"async\" loading=\"lazy\" class=\"aligncenter size-full wp-image-10008\" src=\"https:\/\/i0.wp.com\/www.agrund.com\/arquivo\/notas\/files\/2011\/05\/UMA_GusLuz-1.jpg?resize=411%2C614\" alt=\"\" width=\"411\" height=\"614\" data-recalc-dims=\"1\" \/><\/p>\n","protected":false},"excerpt":{"rendered":"<p>Por Alice Lopes Fotos Gustavo Luz A Aysle teve a miss\u00e3o de representar o cen\u00e1rio mineiro tanto em looks femininos, como masculinos. E nada melhor do que croch\u00eas, shorts, saias longas com fendas, brilhos, franjas, transpar\u00eancia comedida e amarra\u00e7\u00f5es. Ao som do violino tocado ao vivo, os modelos desfilam uma cartela de cores que come\u00e7a [&hellip;]<\/p>\n","protected":false},"author":8,"featured_media":10003,"comment_status":"open","ping_status":"open","sticky":false,"template":"","format":"standard","meta":{"jetpack_post_was_ever_published":false,"_jetpack_newsletter_access":"","jetpack_publicize_message":"","jetpack_is_tweetstorm":false,"jetpack_publicize_feature_enabled":true,"jetpack_social_post_already_shared":false,"jetpack_social_options":{"image_generator_settings":{"template":"highway","enabled":false}}},"categories":[2],"tags":[],"jetpack_publicize_connections":[],"jetpack_featured_media_url":"","jetpack_sharing_enabled":true,"jetpack_shortlink":"https:\/\/wp.me\/p3Hz0n-2Bk","jetpack_likes_enabled":true,"_links":{"self":[{"href":"https:\/\/agrund.com\/index.php\/wp-json\/wp\/v2\/posts\/10002"}],"collection":[{"href":"https:\/\/agrund.com\/index.php\/wp-json\/wp\/v2\/posts"}],"about":[{"href":"https:\/\/agrund.com\/index.php\/wp-json\/wp\/v2\/types\/post"}],"author":[{"embeddable":true,"href":"https:\/\/agrund.com\/index.php\/wp-json\/wp\/v2\/users\/8"}],"replies":[{"embeddable":true,"href":"https:\/\/agrund.com\/index.php\/wp-json\/wp\/v2\/comments?post=10002"}],"version-history":[{"count":0,"href":"https:\/\/agrund.com\/index.php\/wp-json\/wp\/v2\/posts\/10002\/revisions"}],"wp:featuredmedia":[{"embeddable":true,"href":"https:\/\/agrund.com\/index.php\/wp-json\/"}],"wp:attachment":[{"href":"https:\/\/agrund.com\/index.php\/wp-json\/wp\/v2\/media?parent=10002"}],"wp:term":[{"taxonomy":"category","embeddable":true,"href":"https:\/\/agrund.com\/index.php\/wp-json\/wp\/v2\/categories?post=10002"},{"taxonomy":"post_tag","embeddable":true,"href":"https:\/\/agrund.com\/index.php\/wp-json\/wp\/v2\/tags?post=10002"}],"curies":[{"name":"wp","href":"https:\/\/api.w.org\/{rel}","templated":true}]}}